{"id":81190,"date":"2026-01-05T21:44:30","date_gmt":"2026-01-06T03:44:30","guid":{"rendered":"https:\/\/informativoelvalledeaguascalientes.online\/?p=81190"},"modified":"2026-01-08T21:46:09","modified_gmt":"2026-01-09T03:46:09","slug":"dif-de-jesus-maria-y-dif-estatal-celebran-el-dia-de-reyes-magos-con-caravana-y-actividades-familiares","status":"publish","type":"post","link":"https:\/\/informativoelvalledeaguascalientes.online\/?p=81190","title":{"rendered":"DIF DE JES\u00daS MAR\u00cdA Y DIF ESTATAL CELEBRAN EL D\u00cdA DE REYES MAGOS CON CARAVANA Y ACTIVIDADES FAMILIARES"},"content":{"rendered":"<p>#informativoelvalledeaguascalientes #novaradioaguascalientes #informativoelvalledeaguascalientesll #Aguascalientes<\/p>\n<p>&nbsp;<\/p>\n<p>&nbsp;<\/p>\n<p>\u2022Autoridades municipales y estatales encabezaron la celebraci\u00f3n del D\u00eda de Reyes Magos en la Plaza Principal de Jes\u00fas Mar\u00eda.<br \/>\n\u2022Se realiz\u00f3 una caravana por calles del centro, la partida de la Rosca de Reyes, rifa de bicicletas, entrega de bolos y juegos mec\u00e1nicos.<\/p>\n<p>El Gobierno Municipal de Jes\u00fas Mar\u00eda, a trav\u00e9s del Sistema DIF Municipal y en coordinaci\u00f3n con el DIF Estatal, celebraron el D\u00eda de Reyes Magos con un emotivo evento familiar realizado en la Plaza Principal del municipio, donde se vivi\u00f3 una tarde y noche llena de tradici\u00f3n, convivencia y alegr\u00eda para ni\u00f1as, ni\u00f1os y familias jesusmarienses.<\/p>\n<p>Como parte de las actividades, se llev\u00f3 a cabo una caravana de los Reyes Magos, la cual recorri\u00f3 diversas calles de la zona centro de Jes\u00fas Mar\u00eda, generando entusiasmo entre la ciudadan\u00eda y marcando el inicio de esta celebraci\u00f3n tan significativa.<\/p>\n<p>El evento fue encabezado por el presidente municipal de Jes\u00fas Mar\u00eda, C\u00e9sar Medina, acompa\u00f1ado por la presidenta del Sistema DIF Estatal, Aurora Jim\u00e9nez; la presidenta del Sistema Municipal DIF, Silvia de la Cruz; la s\u00edndica municipal Beatriz L\u00f3pez; el Secretario General de Gobierno, Jos\u00e9 Antonio Ar\u00e1mbula; el director del DIF Estatal, H\u00e9ctor Castorena; la diputada local Laura Ponce, as\u00ed como regidoras del municipio.<\/p>\n<p>Durante su mensaje, el alcalde C\u00e9sar Medina dese\u00f3 a las y los asistentes un a\u00f1o lleno de salud, paz y prosperidad, destacando que este tipo de celebraciones fortalecen la uni\u00f3n familiar y el sentido de comunidad, al recordar que todas y todos forman parte de la gran familia de Jes\u00fas Mar\u00eda. Asimismo, celebr\u00f3 la llegada de los Reyes Magos y anunci\u00f3 la rifa de bicicletas, una de las actividades m\u00e1s esperadas por las familias asistentes.<\/p>\n<p>Por su parte, Aurora Jim\u00e9nez resalt\u00f3 la importancia de preservar las tradiciones mexicanas y se\u00f1al\u00f3 que la Rosca de Reyes simboliza la convivencia y la uni\u00f3n familiar. Adem\u00e1s, inform\u00f3 que el DIF Estatal recorre distintos municipios de Aguascalientes llevando esta tradici\u00f3n a m\u00e1s hogares, e invit\u00f3 a la ciudadan\u00eda a participar en la partida de la Rosca de Reyes en la Plaza Principal de Aguascalientes, la cual ser\u00e1 la m\u00e1s grande de M\u00e9xico, con una longitud de m\u00e1s de dos kil\u00f3metros.<\/p>\n<p>Durante la jornada, adem\u00e1s de la partida de la tradicional Rosca de Reyes, se realiz\u00f3 la rifa de bicicletas, la entrega de bolos para las ni\u00f1as y los ni\u00f1os, as\u00ed como la instalaci\u00f3n de juegos mec\u00e1nicos, creando un ambiente festivo y de sana convivencia para todas las familias.<\/p>\n<p>Con estas acciones, el Gobierno Municipal de Jes\u00fas Mar\u00eda refrenda su compromiso de fortalecer la uni\u00f3n familiar, preservar las tradiciones y generar espacios de convivencia que promuevan la alegr\u00eda, la identidad y los valores comunitarios. Un gobierno cercano, que trabaja para compartir momentos que unen y generan sonrisas en la comunidad.<\/p>\n","protected":false},"excerpt":{"rendered":"<p>#informativoelvalledeaguascalientes #novaradioaguascalientes #informativoelvalledeaguascalientesll #Aguascalientes &nbsp; &nbsp; \u2022Autoridades municipales y estatales encabezaron la celebraci\u00f3n del D\u00eda de Reyes Magos en la Plaza Principal de Jes\u00fas Mar\u00eda. \u2022Se realiz\u00f3 una caravana por calles del centro, la partida de la Rosca de Reyes, rifa de bicicletas, entrega de bolos y juegos mec\u00e1nicos. El Gobierno Municipal de Jes\u00fas Mar\u00eda, [&hellip;]<\/p>\n","protected":false},"author":1,"featured_media":81191,"comment_status":"closed","ping_status":"open","sticky":false,"template":"","format":"standard","meta":{"advanced_seo_description":"","jetpack_seo_html_title":"","jetpack_seo_noindex":false,"_jetpack_memberships_contains_paid_content":false,"footnotes":"","jetpack_publicize_message":"","jetpack_publicize_feature_enabled":true,"jetpack_social_post_already_shared":true,"jetpack_social_options":{"image_generator_settings":{"template":"highway","default_image_id":0,"font":"","enabled":false},"version":2}},"categories":[21,14],"tags":[22,45],"class_list":["post-81190","post","type-post","status-publish","format-standard","has-post-thumbnail","hentry","category-aguascalientes","category-jesus-maria-aguascalientes","tag-aguascalientes","tag-jesus-maria-aguascalientes"],"jetpack_publicize_connections":[],"jetpack_featured_media_url":"https:\/\/i0.wp.com\/informativoelvalledeaguascalientes.online\/wp-content\/uploads\/2026\/01\/a0102755-f730-4f01-b370-5b463d23ec0e.jpg?fit=1600%2C1068&ssl=1","jetpack-related-posts":[],"jetpack_sharing_enabled":true,"jetpack_likes_enabled":true,"_links":{"self":[{"href":"https:\/\/informativoelvalledeaguascalientes.online\/index.php?rest_route=\/wp\/v2\/posts\/81190","targetHints":{"allow":["GET"]}}],"collection":[{"href":"https:\/\/informativoelvalledeaguascalientes.online\/index.php?rest_route=\/wp\/v2\/posts"}],"about":[{"href":"https:\/\/informativoelvalledeaguascalientes.online\/index.php?rest_route=\/wp\/v2\/types\/post"}],"author":[{"embeddable":true,"href":"https:\/\/informativoelvalledeaguascalientes.online\/index.php?rest_route=\/wp\/v2\/users\/1"}],"replies":[{"embeddable":true,"href":"https:\/\/informativoelvalledeaguascalientes.online\/index.php?rest_route=%2Fwp%2Fv2%2Fcomments&post=81190"}],"version-history":[{"count":1,"href":"https:\/\/informativoelvalledeaguascalientes.online\/index.php?rest_route=\/wp\/v2\/posts\/81190\/revisions"}],"predecessor-version":[{"id":81192,"href":"https:\/\/informativoelvalledeaguascalientes.online\/index.php?rest_route=\/wp\/v2\/posts\/81190\/revisions\/81192"}],"wp:featuredmedia":[{"embeddable":true,"href":"https:\/\/informativoelvalledeaguascalientes.online\/index.php?rest_route=\/wp\/v2\/media\/81191"}],"wp:attachment":[{"href":"https:\/\/informativoelvalledeaguascalientes.online\/index.php?rest_route=%2Fwp%2Fv2%2Fmedia&parent=81190"}],"wp:term":[{"taxonomy":"category","embeddable":true,"href":"https:\/\/informativoelvalledeaguascalientes.online\/index.php?rest_route=%2Fwp%2Fv2%2Fcategories&post=81190"},{"taxonomy":"post_tag","embeddable":true,"href":"https:\/\/informativoelvalledeaguascalientes.online\/index.php?rest_route=%2Fwp%2Fv2%2Ftags&post=81190"}],"curies":[{"name":"wp","href":"https:\/\/api.w.org\/{rel}","templated":true}]}}