{"id":81122,"date":"2026-01-07T14:32:15","date_gmt":"2026-01-07T20:32:15","guid":{"rendered":"https:\/\/informativoelvalledeaguascalientes.online\/?p=81122"},"modified":"2026-01-07T14:32:15","modified_gmt":"2026-01-07T20:32:15","slug":"aguascalientes-refuerza-coordinacion-con-el-ejercito-para-mantener-la-paz","status":"publish","type":"post","link":"https:\/\/informativoelvalledeaguascalientes.online\/?p=81122","title":{"rendered":"AGUASCALIENTES REFUERZA COORDINACI\u00d3N CON EL EJ\u00c9RCITO PARA MANTENER LA PAZ"},"content":{"rendered":"<p>#informativoelvalledeaguascalientes #novaradioaguascalientes #informativoelvalledeaguascalientesll #Aguascalientes<\/p>\n<p>&nbsp;<\/p>\n<p>La gobernadora de Aguascalientes, Tere Jim\u00e9nez, encabez\u00f3 la toma de protesta del general \u00c1lvaro Javier Ju\u00e1rez V\u00e1zquez, como nuevo comandante de la 14\/a. Zona Militar, con quien acord\u00f3 seguir trabajando en coordinaci\u00f3n para mantener la paz y el orden en todo el territorio estatal.<\/p>\n<p>\u201cEn Aguascalientes tenemos una coordinaci\u00f3n permanente, aqu\u00ed no hay protagonismos, aqu\u00ed todos somos uno; tanto la polic\u00eda municipal, la polic\u00eda estatal, guardia y ej\u00e9rcito, somos uno; trabajamos de la mano coordinados y vamos a seguir trabajando de esa manera, y el nuevo general ya viene con esa sinton\u00eda y todos vamos a seguir trabajando muy fuerte para lograr una paz duradera aqu\u00ed en la entidad\u201d, sostuvo la gobernadora.<\/p>\n<p>Asimismo, reconoci\u00f3 el apoyo y compromiso de las fuerzas armadas con Aguascalientes, gracias a lo cual se tienen importantes resultados en materia de seguridad; record\u00f3 que tan solo el pasado mes de noviembre, el estado se ubic\u00f3 en primer lugar con cero homicidios.<\/p>\n<p>De igual manera, adelant\u00f3 que en una coordinaci\u00f3n entre los tres niveles de gobierno, este a\u00f1o se reforzar\u00e1 el blindaje de carreteras, zonas lim\u00edtrofes y algunas \u00e1reas prioritarias; adem\u00e1s, a\u00f1adi\u00f3 que se adquirir\u00e1n m\u00e1s patrullas, equipamiento y tecnolog\u00eda para fortalecer a las polic\u00edas estatal y municipales.<\/p>\n<p>Previo al acto protocolario, la gobernadora encabez\u00f3 una reuni\u00f3n con el comandante de la 14\/a. Zona Militar, donde se hizo un an\u00e1lisis de la situaci\u00f3n que guarda Aguascalientes en materia de seguridad para realizar un mapeo de las zonas donde habr\u00e1 una mayor presencia de las corporaciones.<\/p>\n<p>En el evento tambi\u00e9n estuvieron presentes el comandante de la V Regi\u00f3n Militar, Porfirio Fuentes V\u00e9lez; la magistrada presidenta del Supremo Tribunal de Justicia, Mar\u00eda Jos\u00e9 Ocampo V\u00e1zquez; el coordinador de la Guardia Nacional en Aguascalientes, Homero Edmundo Blanco Lozada; el presidente municipal de Aguascalientes, Leonardo Monta\u00f1ez Castro; el presidente de la Mesa Directiva del H. Congreso del Estado, Jos\u00e9 Trinidad Romo Mar\u00edn; la fiscal federal de la Rep\u00fablica en Aguascalientes, Maribel Ch\u00e1vez Arriaga; el secretario de Seguridad P\u00fablica del Estado de Aguascalientes, Antonio Mart\u00ednez Romo; y el fiscal general del Estado, Manuel Alonso Garc\u00eda, entre otras autoridades.<\/p>\n","protected":false},"excerpt":{"rendered":"<p>#informativoelvalledeaguascalientes #novaradioaguascalientes #informativoelvalledeaguascalientesll #Aguascalientes &nbsp; La gobernadora de Aguascalientes, Tere Jim\u00e9nez, encabez\u00f3 la toma de protesta del general \u00c1lvaro Javier Ju\u00e1rez V\u00e1zquez, como nuevo comandante de la 14\/a. Zona Militar, con quien acord\u00f3 seguir trabajando en coordinaci\u00f3n para mantener la paz y el orden en todo el territorio estatal. \u201cEn Aguascalientes tenemos una coordinaci\u00f3n permanente, [&hellip;]<\/p>\n","protected":false},"author":1,"featured_media":81123,"comment_status":"closed","ping_status":"open","sticky":false,"template":"","format":"standard","meta":{"advanced_seo_description":"","jetpack_seo_html_title":"","jetpack_seo_noindex":false,"_jetpack_memberships_contains_paid_content":false,"footnotes":"","jetpack_publicize_message":"","jetpack_publicize_feature_enabled":true,"jetpack_social_post_already_shared":true,"jetpack_social_options":{"image_generator_settings":{"template":"highway","default_image_id":0,"font":"","enabled":false},"version":2}},"categories":[21,4],"tags":[22,615],"class_list":["post-81122","post","type-post","status-publish","format-standard","has-post-thumbnail","hentry","category-aguascalientes","category-gobierno-del-estado-aguascalientes","tag-aguascalientes","tag-gobierno-del-estado-de-aguascalientes"],"jetpack_publicize_connections":[],"jetpack_featured_media_url":"https:\/\/i0.wp.com\/informativoelvalledeaguascalientes.online\/wp-content\/uploads\/2026\/01\/e2d4d951-f971-4079-984c-8372d41345d1.jpg?fit=1440%2C960&ssl=1","jetpack-related-posts":[],"jetpack_sharing_enabled":true,"jetpack_likes_enabled":true,"_links":{"self":[{"href":"https:\/\/informativoelvalledeaguascalientes.online\/index.php?rest_route=\/wp\/v2\/posts\/81122","targetHints":{"allow":["GET"]}}],"collection":[{"href":"https:\/\/informativoelvalledeaguascalientes.online\/index.php?rest_route=\/wp\/v2\/posts"}],"about":[{"href":"https:\/\/informativoelvalledeaguascalientes.online\/index.php?rest_route=\/wp\/v2\/types\/post"}],"author":[{"embeddable":true,"href":"https:\/\/informativoelvalledeaguascalientes.online\/index.php?rest_route=\/wp\/v2\/users\/1"}],"replies":[{"embeddable":true,"href":"https:\/\/informativoelvalledeaguascalientes.online\/index.php?rest_route=%2Fwp%2Fv2%2Fcomments&post=81122"}],"version-history":[{"count":1,"href":"https:\/\/informativoelvalledeaguascalientes.online\/index.php?rest_route=\/wp\/v2\/posts\/81122\/revisions"}],"predecessor-version":[{"id":81124,"href":"https:\/\/informativoelvalledeaguascalientes.online\/index.php?rest_route=\/wp\/v2\/posts\/81122\/revisions\/81124"}],"wp:featuredmedia":[{"embeddable":true,"href":"https:\/\/informativoelvalledeaguascalientes.online\/index.php?rest_route=\/wp\/v2\/media\/81123"}],"wp:attachment":[{"href":"https:\/\/informativoelvalledeaguascalientes.online\/index.php?rest_route=%2Fwp%2Fv2%2Fmedia&parent=81122"}],"wp:term":[{"taxonomy":"category","embeddable":true,"href":"https:\/\/informativoelvalledeaguascalientes.online\/index.php?rest_route=%2Fwp%2Fv2%2Fcategories&post=81122"},{"taxonomy":"post_tag","embeddable":true,"href":"https:\/\/informativoelvalledeaguascalientes.online\/index.php?rest_route=%2Fwp%2Fv2%2Ftags&post=81122"}],"curies":[{"name":"wp","href":"https:\/\/api.w.org\/{rel}","templated":true}]}}