{"id":81119,"date":"2026-01-07T14:26:06","date_gmt":"2026-01-07T20:26:06","guid":{"rendered":"https:\/\/informativoelvalledeaguascalientes.online\/?p=81119"},"modified":"2026-01-07T14:26:06","modified_gmt":"2026-01-07T20:26:06","slug":"invitan-a-emprendedores-y-empresarios-a-cursar-diplomado-en-la-universidad-panamericana","status":"publish","type":"post","link":"https:\/\/informativoelvalledeaguascalientes.online\/?p=81119","title":{"rendered":"INVITAN A EMPRENDEDORES Y EMPRESARIOS A CURSAR DIPLOMADO EN LA UNIVERSIDAD PANAMERICANA"},"content":{"rendered":"<p>#informativoelvalledeaguascalientes #novaradioaguascalientes #informativoelvalledeaguascalientesll #Aguascalientes<\/p>\n<p>&nbsp;<\/p>\n<p>&nbsp;<\/p>\n<p>* El curso consta de 16 sesiones presenciales que se impartir\u00e1n los d\u00edas mi\u00e9rcoles de 4:30 a 8:30 de la tarde, del 25 de febrero al 1 de julio<br \/>\n* Para m\u00e1s informes, comunicarse v\u00eda WhatsApp al 449 361 75 82; al tel\u00e9fono 449 910 62 00, extensi\u00f3n 7805, o al correo electr\u00f3nico mapereyra@up.edu.mx<\/p>\n<p>&nbsp;<\/p>\n<p>La Secretar\u00eda de Desarrollo Econ\u00f3mico, Ciencia y Tecnolog\u00eda (Sedecyt) invita a emprendedores y empresarios de Aguascalientes a cursar el Diplomado en Comercio Electr\u00f3nico para Mipymes, impartido por la Universidad Panamericana; esto, gracias a las becas que otorga el Gobierno del Estado.<\/p>\n<p>Este programa est\u00e1 dise\u00f1ado para fortalecer los negocios locales mediante el uso de herramientas pr\u00e1cticas y estrategias actuales que permitan adaptarse a las nuevas tendencias de mercado y consumo, impulsar su crecimiento y mejorar su competitividad.<\/p>\n<p>Durante el diplomado, las y los participantes aprender\u00e1n a crear y administrar tiendas en l\u00ednea, aplicar estrategias de mercadotecnia digital, gestionar operaciones y atenci\u00f3n al cliente, as\u00ed como a utilizar datos para incrementar ventas y optimizar resultados.<\/p>\n<p>El titular de la Sedecyt, Esa\u00fa Garza de Vega, destac\u00f3 que este tipo de capacitaciones son clave para que los emprendimientos locales se mantengan a la vanguardia y consoliden sus proyectos.<\/p>\n<p>El rector de la Universidad Panamericana, Antonio de los Reyes Moreno, se\u00f1al\u00f3 que este programa ofrece conocimientos pr\u00e1cticos enfocados en el desarrollo real de las micro, peque\u00f1as y medianas empresas.<\/p>\n<p>El diplomado consta de 16 sesiones presenciales que se impartir\u00e1n los d\u00edas mi\u00e9rcoles de 4:30 a 8:30 de la tarde, del 25 de febrero al 1 de julio.<\/p>\n<p>Para m\u00e1s informes, las personas interesadas pueden comunicarse v\u00eda WhatsApp al 449 361 75 82; al tel\u00e9fono 449 910 62 00, extensi\u00f3n 7805, o al correo electr\u00f3nico mapereyra@up.edu.mx.<\/p>\n","protected":false},"excerpt":{"rendered":"<p>#informativoelvalledeaguascalientes #novaradioaguascalientes #informativoelvalledeaguascalientesll #Aguascalientes &nbsp; &nbsp; * El curso consta de 16 sesiones presenciales que se impartir\u00e1n los d\u00edas mi\u00e9rcoles de 4:30 a 8:30 de la tarde, del 25 de febrero al 1 de julio * Para m\u00e1s informes, comunicarse v\u00eda WhatsApp al 449 361 75 82; al tel\u00e9fono 449 910 62 00, extensi\u00f3n 7805, [&hellip;]<\/p>\n","protected":false},"author":1,"featured_media":81120,"comment_status":"closed","ping_status":"open","sticky":false,"template":"","format":"standard","meta":{"advanced_seo_description":"","jetpack_seo_html_title":"","jetpack_seo_noindex":false,"_jetpack_memberships_contains_paid_content":false,"footnotes":"","jetpack_publicize_message":"","jetpack_publicize_feature_enabled":true,"jetpack_social_post_already_shared":true,"jetpack_social_options":{"image_generator_settings":{"template":"highway","default_image_id":0,"font":"","enabled":false},"version":2}},"categories":[21,4],"tags":[22,615,610],"class_list":["post-81119","post","type-post","status-publish","format-standard","has-post-thumbnail","hentry","category-aguascalientes","category-gobierno-del-estado-aguascalientes","tag-aguascalientes","tag-gobierno-del-estado-de-aguascalientes","tag-sedecyt"],"jetpack_publicize_connections":[],"jetpack_featured_media_url":"https:\/\/i0.wp.com\/informativoelvalledeaguascalientes.online\/wp-content\/uploads\/2026\/01\/d3932c12-7853-4ef2-9d64-4bff47d1cda8.jpg?fit=1296%2C864&ssl=1","jetpack-related-posts":[],"jetpack_sharing_enabled":true,"jetpack_likes_enabled":true,"_links":{"self":[{"href":"https:\/\/informativoelvalledeaguascalientes.online\/index.php?rest_route=\/wp\/v2\/posts\/81119","targetHints":{"allow":["GET"]}}],"collection":[{"href":"https:\/\/informativoelvalledeaguascalientes.online\/index.php?rest_route=\/wp\/v2\/posts"}],"about":[{"href":"https:\/\/informativoelvalledeaguascalientes.online\/index.php?rest_route=\/wp\/v2\/types\/post"}],"author":[{"embeddable":true,"href":"https:\/\/informativoelvalledeaguascalientes.online\/index.php?rest_route=\/wp\/v2\/users\/1"}],"replies":[{"embeddable":true,"href":"https:\/\/informativoelvalledeaguascalientes.online\/index.php?rest_route=%2Fwp%2Fv2%2Fcomments&post=81119"}],"version-history":[{"count":1,"href":"https:\/\/informativoelvalledeaguascalientes.online\/index.php?rest_route=\/wp\/v2\/posts\/81119\/revisions"}],"predecessor-version":[{"id":81121,"href":"https:\/\/informativoelvalledeaguascalientes.online\/index.php?rest_route=\/wp\/v2\/posts\/81119\/revisions\/81121"}],"wp:featuredmedia":[{"embeddable":true,"href":"https:\/\/informativoelvalledeaguascalientes.online\/index.php?rest_route=\/wp\/v2\/media\/81120"}],"wp:attachment":[{"href":"https:\/\/informativoelvalledeaguascalientes.online\/index.php?rest_route=%2Fwp%2Fv2%2Fmedia&parent=81119"}],"wp:term":[{"taxonomy":"category","embeddable":true,"href":"https:\/\/informativoelvalledeaguascalientes.online\/index.php?rest_route=%2Fwp%2Fv2%2Fcategories&post=81119"},{"taxonomy":"post_tag","embeddable":true,"href":"https:\/\/informativoelvalledeaguascalientes.online\/index.php?rest_route=%2Fwp%2Fv2%2Ftags&post=81119"}],"curies":[{"name":"wp","href":"https:\/\/api.w.org\/{rel}","templated":true}]}}