{"id":80786,"date":"2025-12-12T20:01:22","date_gmt":"2025-12-13T02:01:22","guid":{"rendered":"https:\/\/informativoelvalledeaguascalientes.online\/?p=80786"},"modified":"2026-01-01T20:04:17","modified_gmt":"2026-01-02T02:04:17","slug":"los-ritmos-del-mundo-llegan-al-%f0%9d%97%99%f0%9d%97%bc%f0%9d%97%bf%f0%9d%97%bc-%f0%9d%97%96%f0%9d%98%82%f0%9d%97%b9%f0%9d%98%81%f0%9d%98%82%f0%9d%97%bf%f0%9d%97%ae%f0%9d%97%b9-de-la-%f0%9d%97%99","status":"publish","type":"post","link":"https:\/\/informativoelvalledeaguascalientes.online\/?p=80786","title":{"rendered":"Los ritmos del mundo llegan al \ud835\uddd9\ud835\uddfc\ud835\uddff\ud835\uddfc \ud835\uddd6\ud835\ude02\ud835\uddf9\ud835\ude01\ud835\ude02\ud835\uddff\ud835\uddee\ud835\uddf9 de la \ud835\uddd9\ud835\uddf2\ud835\uddff\ud835\uddf6\ud835\uddee \ud835\udde1\ud835\uddee\ud835\uddf0\ud835\uddf6\ud835\uddfc\ud835\uddfb\ud835\uddee\ud835\uddf9 \ud835\uddf1\ud835\uddf2 \ud835\uddf9\ud835\uddee \ud835\uddda\ud835\ude02\ud835\uddee\ud835\ude06\ud835\uddee\ud835\uddef\ud835\uddee \ud835\udfee\ud835\udfec\ud835\udfee\ud835\udff1"},"content":{"rendered":"<p>#informativoelvalledeaguascalientes #novaradioaguascalientes #informativoelvalledeaguascalientesll #Aguascalientes<\/p>\n<p>&nbsp;<\/p>\n<p>Los ritmos del mundo llegan al \ud835\uddd9\ud835\uddfc\ud835\uddff\ud835\uddfc \ud835\uddd6\ud835\ude02\ud835\uddf9\ud835\ude01\ud835\ude02\ud835\uddff\ud835\uddee\ud835\uddf9 de la \ud835\uddd9\ud835\uddf2\ud835\uddff\ud835\uddf6\ud835\uddee \ud835\udde1\ud835\uddee\ud835\uddf0\ud835\uddf6\ud835\uddfc\ud835\uddfb\ud835\uddee\ud835\uddf9 \ud835\uddf1\ud835\uddf2 \ud835\uddf9\ud835\uddee \ud835\uddda\ud835\ude02\ud835\uddee\ud835\ude06\ud835\uddee\ud835\uddef\ud835\uddee \ud835\udfee\ud835\udfec\ud835\udfee\ud835\udff1 con la Danza Africana de Sue\u00f1o Azul Teatro.<\/p>\n<p>Acomp\u00e1\u00f1anos este 13 de diciembre y vive una experiencia llena de fuerza, color y movimiento.<\/p>\n<p>\ud83d\udccdPlazoleta de la Guayaba<br \/>\n\u23f0 7:00 p.m.<\/p>\n<p>#FNGuayaba2025<br \/>\n#\ud835\ude47\ud835\ude5a\ud835\ude5c\ud835\ude56\ud835\ude59\ud835\ude64\ud835\ude4b\ud835\ude56\ud835\ude67\ud835\ude56\ud835\ude48\ud835\ude5e\ud835\ude42\ud835\ude5a\ud835\ude63\ud835\ude69\ud835\ude5a<\/p>\n","protected":false},"excerpt":{"rendered":"<p>#informativoelvalledeaguascalientes #novaradioaguascalientes #informativoelvalledeaguascalientesll #Aguascalientes &nbsp; Los ritmos del mundo llegan al \ud835\uddd9\ud835\uddfc\ud835\uddff\ud835\uddfc \ud835\uddd6\ud835\ude02\ud835\uddf9\ud835\ude01\ud835\ude02\ud835\uddff\ud835\uddee\ud835\uddf9 de la \ud835\uddd9\ud835\uddf2\ud835\uddff\ud835\uddf6\ud835\uddee \ud835\udde1\ud835\uddee\ud835\uddf0\ud835\uddf6\ud835\uddfc\ud835\uddfb\ud835\uddee\ud835\uddf9 \ud835\uddf1\ud835\uddf2 \ud835\uddf9\ud835\uddee \ud835\uddda\ud835\ude02\ud835\uddee\ud835\ude06\ud835\uddee\ud835\uddef\ud835\uddee \ud835\udfee\ud835\udfec\ud835\udfee\ud835\udff1 con la Danza Africana de Sue\u00f1o Azul Teatro. Acomp\u00e1\u00f1anos este 13 de diciembre y vive una experiencia llena de fuerza, color y movimiento. \ud83d\udccdPlazoleta de la Guayaba \u23f0 7:00 p.m. #FNGuayaba2025 #\ud835\ude47\ud835\ude5a\ud835\ude5c\ud835\ude56\ud835\ude59\ud835\ude64\ud835\ude4b\ud835\ude56\ud835\ude67\ud835\ude56\ud835\ude48\ud835\ude5e\ud835\ude42\ud835\ude5a\ud835\ude63\ud835\ude69\ud835\ude5a<\/p>\n","protected":false},"author":1,"featured_media":80787,"comment_status":"closed","ping_status":"open","sticky":false,"template":"","format":"standard","meta":{"_monsterinsights_skip_tracking":false,"advanced_seo_description":"","jetpack_seo_html_title":"","jetpack_seo_noindex":false,"jetpack_seo_schema_type":"","_jetpack_newsletter_access":"","_jetpack_dont_email_post_to_subs":false,"_jetpack_newsletter_tier_id":0,"_jetpack_memberships_contains_paywalled_content":false,"_jetpack_feature_clip_id":0,"_jetpack_memberships_contains_paid_content":false,"footnotes":"","jetpack_publicize_message":"","jetpack_publicize_feature_enabled":true,"jetpack_social_post_already_shared":true,"jetpack_social_options":{"image_generator_settings":{"template":"highway","default_image_id":0,"font":"","enabled":false},"version":2},"jetpack_post_was_ever_published":false},"categories":[21,13],"tags":[22,88,29],"class_list":["post-80786","post","type-post","status-publish","format-standard","has-post-thumbnail","hentry","category-aguascalientes","category-calvillo-aguascalientes","tag-aguascalientes","tag-calvillo","tag-calvillo-aguascalientes"],"jetpack_publicize_connections":[],"jetpack_featured_media_url":"https:\/\/i0.wp.com\/informativoelvalledeaguascalientes.online\/wp-content\/uploads\/2026\/01\/3eb5ae90-b990-4ddf-9d86-a3336dc66a16.jpg?fit=1600%2C1599&ssl=1","jetpack-related-posts":[],"jetpack_sharing_enabled":true,"jetpack_likes_enabled":true,"_links":{"self":[{"href":"https:\/\/informativoelvalledeaguascalientes.online\/index.php?rest_route=\/wp\/v2\/posts\/80786","targetHints":{"allow":["GET"]}}],"collection":[{"href":"https:\/\/informativoelvalledeaguascalientes.online\/index.php?rest_route=\/wp\/v2\/posts"}],"about":[{"href":"https:\/\/informativoelvalledeaguascalientes.online\/index.php?rest_route=\/wp\/v2\/types\/post"}],"author":[{"embeddable":true,"href":"https:\/\/informativoelvalledeaguascalientes.online\/index.php?rest_route=\/wp\/v2\/users\/1"}],"replies":[{"embeddable":true,"href":"https:\/\/informativoelvalledeaguascalientes.online\/index.php?rest_route=%2Fwp%2Fv2%2Fcomments&post=80786"}],"version-history":[{"count":1,"href":"https:\/\/informativoelvalledeaguascalientes.online\/index.php?rest_route=\/wp\/v2\/posts\/80786\/revisions"}],"predecessor-version":[{"id":80788,"href":"https:\/\/informativoelvalledeaguascalientes.online\/index.php?rest_route=\/wp\/v2\/posts\/80786\/revisions\/80788"}],"wp:featuredmedia":[{"embeddable":true,"href":"https:\/\/informativoelvalledeaguascalientes.online\/index.php?rest_route=\/wp\/v2\/media\/80787"}],"wp:attachment":[{"href":"https:\/\/informativoelvalledeaguascalientes.online\/index.php?rest_route=%2Fwp%2Fv2%2Fmedia&parent=80786"}],"wp:term":[{"taxonomy":"category","embeddable":true,"href":"https:\/\/informativoelvalledeaguascalientes.online\/index.php?rest_route=%2Fwp%2Fv2%2Fcategories&post=80786"},{"taxonomy":"post_tag","embeddable":true,"href":"https:\/\/informativoelvalledeaguascalientes.online\/index.php?rest_route=%2Fwp%2Fv2%2Ftags&post=80786"}],"curies":[{"name":"wp","href":"https:\/\/api.w.org\/{rel}","templated":true}]}}