{"id":80783,"date":"2025-12-12T19:58:33","date_gmt":"2025-12-13T01:58:33","guid":{"rendered":"https:\/\/informativoelvalledeaguascalientes.online\/?p=80783"},"modified":"2026-01-01T20:00:29","modified_gmt":"2026-01-02T02:00:29","slug":"sergio-vallin-loera-orgulloso-de-sus-raices-calvillenses-sera-reconocido-como-migrante-distinguido-2025","status":"publish","type":"post","link":"https:\/\/informativoelvalledeaguascalientes.online\/?p=80783","title":{"rendered":"Sergio Vall\u00edn Loera, orgulloso de sus ra\u00edces calvillenses, ser\u00e1 reconocido como Migrante Distinguido 2025"},"content":{"rendered":"<p>#informativoelvalledeaguascalientes #novaradioaguascalientes #informativoelvalledeaguascalientesll #Aguascalientes<\/p>\n<p>&nbsp;<\/p>\n<p>Sergio Vall\u00edn Loera, orgulloso de sus ra\u00edces calvillenses, ser\u00e1 reconocido como Migrante Distinguido 2025, un homenaje a su esfuerzo, trayectoria y amor por esta tierra.<\/p>\n<p>M\u00fasico y compositor que actualmente es guitarrista principal de la agrupaci\u00f3n Man\u00e1, Sergio ha llevado siempre en alto el nombre de nuestro municipio, demostrando que el talento calvillense trasciende fronteras.<\/p>\n<p>\u00a1Te esperamos!<\/p>\n<p>\ud83d\uddd3\ufe0f S\u00e1bado 13 de diciembre<br \/>\n\u23f0 8:00 p.m.<br \/>\n\ud83d\udccd Teatro del Pueblo<\/p>\n<p>#FNGuayaba2025<br \/>\n#\ud835\ude47\ud835\ude5a\ud835\ude5c\ud835\ude56\ud835\ude59\ud835\ude64\ud835\ude4b\ud835\ude56\ud835\ude67\ud835\ude56\ud835\ude48\ud835\ude5e\ud835\ude42\ud835\ude5a\ud835\ude63\ud835\ude69\ud835\ude5a<\/p>\n","protected":false},"excerpt":{"rendered":"<p>#informativoelvalledeaguascalientes #novaradioaguascalientes #informativoelvalledeaguascalientesll #Aguascalientes &nbsp; Sergio Vall\u00edn Loera, orgulloso de sus ra\u00edces calvillenses, ser\u00e1 reconocido como Migrante Distinguido 2025, un homenaje a su esfuerzo, trayectoria y amor por esta tierra. M\u00fasico y compositor que actualmente es guitarrista principal de la agrupaci\u00f3n Man\u00e1, Sergio ha llevado siempre en alto el nombre de nuestro municipio, demostrando que [&hellip;]<\/p>\n","protected":false},"author":1,"featured_media":80784,"comment_status":"closed","ping_status":"open","sticky":false,"template":"","format":"standard","meta":{"advanced_seo_description":"","jetpack_seo_html_title":"","jetpack_seo_noindex":false,"_jetpack_memberships_contains_paid_content":false,"footnotes":"","jetpack_publicize_message":"","jetpack_publicize_feature_enabled":true,"jetpack_social_post_already_shared":true,"jetpack_social_options":{"image_generator_settings":{"template":"highway","default_image_id":0,"font":"","enabled":false},"version":2}},"categories":[21,13],"tags":[22,88,29],"class_list":["post-80783","post","type-post","status-publish","format-standard","has-post-thumbnail","hentry","category-aguascalientes","category-calvillo-aguascalientes","tag-aguascalientes","tag-calvillo","tag-calvillo-aguascalientes"],"jetpack_publicize_connections":[],"jetpack_featured_media_url":"https:\/\/i0.wp.com\/informativoelvalledeaguascalientes.online\/wp-content\/uploads\/2026\/01\/df318326-baae-4ae6-8082-69ba45104621.jpg?fit=768%2C548&ssl=1","jetpack-related-posts":[],"jetpack_sharing_enabled":true,"jetpack_likes_enabled":true,"_links":{"self":[{"href":"https:\/\/informativoelvalledeaguascalientes.online\/index.php?rest_route=\/wp\/v2\/posts\/80783","targetHints":{"allow":["GET"]}}],"collection":[{"href":"https:\/\/informativoelvalledeaguascalientes.online\/index.php?rest_route=\/wp\/v2\/posts"}],"about":[{"href":"https:\/\/informativoelvalledeaguascalientes.online\/index.php?rest_route=\/wp\/v2\/types\/post"}],"author":[{"embeddable":true,"href":"https:\/\/informativoelvalledeaguascalientes.online\/index.php?rest_route=\/wp\/v2\/users\/1"}],"replies":[{"embeddable":true,"href":"https:\/\/informativoelvalledeaguascalientes.online\/index.php?rest_route=%2Fwp%2Fv2%2Fcomments&post=80783"}],"version-history":[{"count":1,"href":"https:\/\/informativoelvalledeaguascalientes.online\/index.php?rest_route=\/wp\/v2\/posts\/80783\/revisions"}],"predecessor-version":[{"id":80785,"href":"https:\/\/informativoelvalledeaguascalientes.online\/index.php?rest_route=\/wp\/v2\/posts\/80783\/revisions\/80785"}],"wp:featuredmedia":[{"embeddable":true,"href":"https:\/\/informativoelvalledeaguascalientes.online\/index.php?rest_route=\/wp\/v2\/media\/80784"}],"wp:attachment":[{"href":"https:\/\/informativoelvalledeaguascalientes.online\/index.php?rest_route=%2Fwp%2Fv2%2Fmedia&parent=80783"}],"wp:term":[{"taxonomy":"category","embeddable":true,"href":"https:\/\/informativoelvalledeaguascalientes.online\/index.php?rest_route=%2Fwp%2Fv2%2Fcategories&post=80783"},{"taxonomy":"post_tag","embeddable":true,"href":"https:\/\/informativoelvalledeaguascalientes.online\/index.php?rest_route=%2Fwp%2Fv2%2Ftags&post=80783"}],"curies":[{"name":"wp","href":"https:\/\/api.w.org\/{rel}","templated":true}]}}