{"id":80774,"date":"2025-12-12T19:33:34","date_gmt":"2025-12-13T01:33:34","guid":{"rendered":"https:\/\/informativoelvalledeaguascalientes.online\/?p=80774"},"modified":"2026-01-01T19:47:48","modified_gmt":"2026-01-02T01:47:48","slug":"gabito-ballesteros-conquisto-el-teatro-del-pueblo-de-la-%f0%9d%97%99%f0%9d%97%b2%f0%9d%97%bf%f0%9d%97%b6%f0%9d%97%ae-%f0%9d%97%a1%f0%9d%97%ae%f0%9d%97%b0%f0%9d%97%b6%f0%9d%97%bc%f0%9d%97%bb","status":"publish","type":"post","link":"https:\/\/informativoelvalledeaguascalientes.online\/?p=80774","title":{"rendered":"Gabito Ballesteros conquist\u00f3 el Teatro del Pueblo de la \ud835\uddd9\ud835\uddf2\ud835\uddff\ud835\uddf6\ud835\uddee \ud835\udde1\ud835\uddee\ud835\uddf0\ud835\uddf6\ud835\uddfc\ud835\uddfb\ud835\uddee\ud835\uddf9 \ud835\uddf1\ud835\uddf2 \ud835\uddf9\ud835\uddee \ud835\uddda\ud835\ude02\ud835\uddee\ud835\ude06\ud835\uddee\ud835\uddef\ud835\uddee \ud835\udfee\ud835\udfec\ud835\udfee\ud835\udff1"},"content":{"rendered":"<p>#informativoelvalledeaguascalientes #novaradioaguascalientes #informativoelvalledeaguascalientesll #Aguascalientes<\/p>\n<p>&nbsp;<\/p>\n<p>Gabito Ballesteros conquist\u00f3 el Teatro del Pueblo de la \ud835\uddd9\ud835\uddf2\ud835\uddff\ud835\uddf6\ud835\uddee \ud835\udde1\ud835\uddee\ud835\uddf0\ud835\uddf6\ud835\uddfc\ud835\uddfb\ud835\uddee\ud835\uddf9 \ud835\uddf1\ud835\uddf2 \ud835\uddf9\ud835\uddee \ud835\uddda\ud835\ude02\ud835\uddee\ud835\ude06\ud835\uddee\ud835\uddef\ud835\uddee \ud835\udfee\ud835\udfec\ud835\udfee\ud835\udff1, contagiando al p\u00fablico con su estilo inconfundible y esa energ\u00eda que lo caracteriza.<\/p>\n<p>Una velada llena de fuerza, m\u00fasica y emoci\u00f3n que puso a vibrar a miles de asistentes que se dieron cita para disfrutar de uno de los artistas m\u00e1s esperados de la feria.<\/p>\n<p>\u00a1La fiesta sigue en Calvillo!<\/p>\n<p>#FNGuayaba2025<br \/>\n#\ud835\ude47\ud835\ude5a\ud835\ude5c\ud835\ude56\ud835\ude59\ud835\ude64\ud835\ude4b\ud835\ude56\ud835\ude67\ud835\ude56\ud835\ude48\ud835\ude5e\ud835\ude42\ud835\ude5a\ud835\ude63\ud835\ude69\ud835\ude5a<\/p>\n","protected":false},"excerpt":{"rendered":"<p>#informativoelvalledeaguascalientes #novaradioaguascalientes #informativoelvalledeaguascalientesll #Aguascalientes &nbsp; Gabito Ballesteros conquist\u00f3 el Teatro del Pueblo de la \ud835\uddd9\ud835\uddf2\ud835\uddff\ud835\uddf6\ud835\uddee \ud835\udde1\ud835\uddee\ud835\uddf0\ud835\uddf6\ud835\uddfc\ud835\uddfb\ud835\uddee\ud835\uddf9 \ud835\uddf1\ud835\uddf2 \ud835\uddf9\ud835\uddee \ud835\uddda\ud835\ude02\ud835\uddee\ud835\ude06\ud835\uddee\ud835\uddef\ud835\uddee \ud835\udfee\ud835\udfec\ud835\udfee\ud835\udff1, contagiando al p\u00fablico con su estilo inconfundible y esa energ\u00eda que lo caracteriza. Una velada llena de fuerza, m\u00fasica y emoci\u00f3n que puso a vibrar a miles de asistentes que se dieron cita para disfrutar [&hellip;]<\/p>\n","protected":false},"author":1,"featured_media":80775,"comment_status":"closed","ping_status":"open","sticky":false,"template":"","format":"standard","meta":{"advanced_seo_description":"","jetpack_seo_html_title":"","jetpack_seo_noindex":false,"_jetpack_memberships_contains_paid_content":false,"footnotes":"","jetpack_publicize_message":"","jetpack_publicize_feature_enabled":true,"jetpack_social_post_already_shared":true,"jetpack_social_options":{"image_generator_settings":{"template":"highway","default_image_id":0,"font":"","enabled":false},"version":2}},"categories":[21,13],"tags":[22,88,29],"class_list":["post-80774","post","type-post","status-publish","format-standard","has-post-thumbnail","hentry","category-aguascalientes","category-calvillo-aguascalientes","tag-aguascalientes","tag-calvillo","tag-calvillo-aguascalientes"],"jetpack_publicize_connections":[],"jetpack_featured_media_url":"https:\/\/i0.wp.com\/informativoelvalledeaguascalientes.online\/wp-content\/uploads\/2026\/01\/b103204d-756b-43ee-a994-086704bc965e.jpg?fit=1280%2C854&ssl=1","jetpack-related-posts":[],"jetpack_sharing_enabled":true,"jetpack_likes_enabled":true,"_links":{"self":[{"href":"https:\/\/informativoelvalledeaguascalientes.online\/index.php?rest_route=\/wp\/v2\/posts\/80774","targetHints":{"allow":["GET"]}}],"collection":[{"href":"https:\/\/informativoelvalledeaguascalientes.online\/index.php?rest_route=\/wp\/v2\/posts"}],"about":[{"href":"https:\/\/informativoelvalledeaguascalientes.online\/index.php?rest_route=\/wp\/v2\/types\/post"}],"author":[{"embeddable":true,"href":"https:\/\/informativoelvalledeaguascalientes.online\/index.php?rest_route=\/wp\/v2\/users\/1"}],"replies":[{"embeddable":true,"href":"https:\/\/informativoelvalledeaguascalientes.online\/index.php?rest_route=%2Fwp%2Fv2%2Fcomments&post=80774"}],"version-history":[{"count":1,"href":"https:\/\/informativoelvalledeaguascalientes.online\/index.php?rest_route=\/wp\/v2\/posts\/80774\/revisions"}],"predecessor-version":[{"id":80776,"href":"https:\/\/informativoelvalledeaguascalientes.online\/index.php?rest_route=\/wp\/v2\/posts\/80774\/revisions\/80776"}],"wp:featuredmedia":[{"embeddable":true,"href":"https:\/\/informativoelvalledeaguascalientes.online\/index.php?rest_route=\/wp\/v2\/media\/80775"}],"wp:attachment":[{"href":"https:\/\/informativoelvalledeaguascalientes.online\/index.php?rest_route=%2Fwp%2Fv2%2Fmedia&parent=80774"}],"wp:term":[{"taxonomy":"category","embeddable":true,"href":"https:\/\/informativoelvalledeaguascalientes.online\/index.php?rest_route=%2Fwp%2Fv2%2Fcategories&post=80774"},{"taxonomy":"post_tag","embeddable":true,"href":"https:\/\/informativoelvalledeaguascalientes.online\/index.php?rest_route=%2Fwp%2Fv2%2Ftags&post=80774"}],"curies":[{"name":"wp","href":"https:\/\/api.w.org\/{rel}","templated":true}]}}