{"id":80768,"date":"2025-12-11T19:28:16","date_gmt":"2025-12-12T01:28:16","guid":{"rendered":"https:\/\/informativoelvalledeaguascalientes.online\/?p=80768"},"modified":"2026-01-01T19:30:19","modified_gmt":"2026-01-02T01:30:19","slug":"premiacion-del-%f0%9d%98%be%f0%9d%99%a4%f0%9d%99%a3%f0%9d%99%98%f0%9d%99%aa%f0%9d%99%a7%f0%9d%99%a8%f0%9d%99%a4-%f0%9d%98%be%f0%9d%99%96%f0%9d%99%a1%f0%9d%99%9e%f0%9d%99%99%f0%9d%99%96%f0%9d%99%99","status":"publish","type":"post","link":"https:\/\/informativoelvalledeaguascalientes.online\/?p=80768","title":{"rendered":"Premiaci\u00f3n del \ud835\ude3e\ud835\ude64\ud835\ude63\ud835\ude58\ud835\ude6a\ud835\ude67\ud835\ude68\ud835\ude64 \ud835\ude3e\ud835\ude56\ud835\ude61\ud835\ude5e\ud835\ude59\ud835\ude56\ud835\ude59 \ud835\ude59\ud835\ude5a \ud835\ude61\ud835\ude56 \ud835\ude42\ud835\ude6a\ud835\ude56\ud835\ude6e\ud835\ude56\ud835\ude57\ud835\ude56."},"content":{"rendered":"<p>#informativoelvalledeaguascalientes #novaradioaguascalientes #informativoelvalledeaguascalientesll #Aguascalientes<\/p>\n<p>&nbsp;<\/p>\n<p>En el marco de la \ud835\uddd9\ud835\uddf2\ud835\uddff\ud835\uddf6\ud835\uddee \ud835\udde1\ud835\uddee\ud835\uddf0\ud835\uddf6\ud835\uddfc\ud835\uddfb\ud835\uddee\ud835\uddf9 \ud835\uddf1\ud835\uddf2 \ud835\uddf9\ud835\uddee \ud835\uddda\ud835\ude02\ud835\uddee\ud835\ude06\ud835\uddee\ud835\uddef\ud835\uddee \ud835\udfee\ud835\udfec\ud835\udfee\ud835\udff1, el Gobierno de Calvillo a trav\u00e9s de la Secretar\u00eda de Desarrollo Econ\u00f3mico y Rural, realiz\u00f3 la premiaci\u00f3n del \ud835\ude3e\ud835\ude64\ud835\ude63\ud835\ude58\ud835\ude6a\ud835\ude67\ud835\ude68\ud835\ude64 \ud835\ude3e\ud835\ude56\ud835\ude61\ud835\ude5e\ud835\ude59\ud835\ude56\ud835\ude59 \ud835\ude59\ud835\ude5a \ud835\ude61\ud835\ude56 \ud835\ude42\ud835\ude6a\ud835\ude56\ud835\ude6e\ud835\ude56\ud835\ude57\ud835\ude56.<\/p>\n<p>Este concurso se realiza anualmente con el prop\u00f3sito de reconocer el trabajo, la dedicaci\u00f3n y la excelencia de los productores locales, quienes con orgullo representan la grandeza agr\u00edcola de Calvillo y del emblem\u00e1tico fruto de esta tierra.<\/p>\n<p>En representaci\u00f3n del presidente municipal de Calvillo, Daniel Romo Urrutia, el secretario de Desarrollo Econ\u00f3mico y Rural, Azael L\u00f3pez Tello, refiri\u00f3 que este concurso representa no solo el an\u00e1lisis t\u00e9cnico de calidad de este fruto, sino adem\u00e1s, refleja el esfuerzo de generaciones que han convertido a Calvillo en un referente nacional; asimismo, refrend\u00f3 el compromiso del Gobierno de Calvillo para seguir impulsando la producci\u00f3n guayabera en el municipio.<\/p>\n<p>Este concurso se realiz\u00f3 los d\u00edas 6 y 7 de diciembre, fechas en las que cada productor entreg\u00f3 30 frutos que fueron evaluados en cinco indicadores: peso, di\u00e1metro, grosor de c\u00e1scara, solidez total (grados Brix) y tama\u00f1o.<\/p>\n<p>Enhorabuena a los ganadores:<\/p>\n<p>1\u00b0 Alberto D\u00edaz Vel\u00e1zquez<br \/>\n2\u00b0 Sa\u00fal L\u00f3pez Castillo<br \/>\n3\u00b0 Francisco Valdez Mart\u00ednez<br \/>\n4\u00b0 Juan Manuel Ruiz Velasco<br \/>\n5\u00b0 Victorino Dur\u00f3n Romo<\/p>\n<p>#FNGuayaba2025<br \/>\n#\ud835\ude47\ud835\ude5a\ud835\ude5c\ud835\ude56\ud835\ude59\ud835\ude64\ud835\ude4b\ud835\ude56\ud835\ude67\ud835\ude56\ud835\ude48\ud835\ude5e\ud835\ude42\ud835\ude5a\ud835\ude63\ud835\ude69\ud835\ude5a<\/p>\n","protected":false},"excerpt":{"rendered":"<p>#informativoelvalledeaguascalientes #novaradioaguascalientes #informativoelvalledeaguascalientesll #Aguascalientes &nbsp; En el marco de la \ud835\uddd9\ud835\uddf2\ud835\uddff\ud835\uddf6\ud835\uddee \ud835\udde1\ud835\uddee\ud835\uddf0\ud835\uddf6\ud835\uddfc\ud835\uddfb\ud835\uddee\ud835\uddf9 \ud835\uddf1\ud835\uddf2 \ud835\uddf9\ud835\uddee \ud835\uddda\ud835\ude02\ud835\uddee\ud835\ude06\ud835\uddee\ud835\uddef\ud835\uddee \ud835\udfee\ud835\udfec\ud835\udfee\ud835\udff1, el Gobierno de Calvillo a trav\u00e9s de la Secretar\u00eda de Desarrollo Econ\u00f3mico y Rural, realiz\u00f3 la premiaci\u00f3n del \ud835\ude3e\ud835\ude64\ud835\ude63\ud835\ude58\ud835\ude6a\ud835\ude67\ud835\ude68\ud835\ude64 \ud835\ude3e\ud835\ude56\ud835\ude61\ud835\ude5e\ud835\ude59\ud835\ude56\ud835\ude59 \ud835\ude59\ud835\ude5a \ud835\ude61\ud835\ude56 \ud835\ude42\ud835\ude6a\ud835\ude56\ud835\ude6e\ud835\ude56\ud835\ude57\ud835\ude56. Este concurso se realiza anualmente con el prop\u00f3sito de reconocer el trabajo, la dedicaci\u00f3n y la [&hellip;]<\/p>\n","protected":false},"author":1,"featured_media":80769,"comment_status":"closed","ping_status":"open","sticky":false,"template":"","format":"standard","meta":{"advanced_seo_description":"","jetpack_seo_html_title":"","jetpack_seo_noindex":false,"_jetpack_memberships_contains_paid_content":false,"footnotes":"","jetpack_publicize_message":"","jetpack_publicize_feature_enabled":true,"jetpack_social_post_already_shared":true,"jetpack_social_options":{"image_generator_settings":{"template":"highway","default_image_id":0,"font":"","enabled":false},"version":2}},"categories":[21,13],"tags":[22,88,29],"class_list":["post-80768","post","type-post","status-publish","format-standard","has-post-thumbnail","hentry","category-aguascalientes","category-calvillo-aguascalientes","tag-aguascalientes","tag-calvillo","tag-calvillo-aguascalientes"],"jetpack_publicize_connections":[],"jetpack_featured_media_url":"https:\/\/i0.wp.com\/informativoelvalledeaguascalientes.online\/wp-content\/uploads\/2026\/01\/497abc46-7b0d-4fe7-aea0-ea1f7243c4fc.jpg?fit=1280%2C718&ssl=1","jetpack-related-posts":[],"jetpack_sharing_enabled":true,"jetpack_likes_enabled":true,"_links":{"self":[{"href":"https:\/\/informativoelvalledeaguascalientes.online\/index.php?rest_route=\/wp\/v2\/posts\/80768","targetHints":{"allow":["GET"]}}],"collection":[{"href":"https:\/\/informativoelvalledeaguascalientes.online\/index.php?rest_route=\/wp\/v2\/posts"}],"about":[{"href":"https:\/\/informativoelvalledeaguascalientes.online\/index.php?rest_route=\/wp\/v2\/types\/post"}],"author":[{"embeddable":true,"href":"https:\/\/informativoelvalledeaguascalientes.online\/index.php?rest_route=\/wp\/v2\/users\/1"}],"replies":[{"embeddable":true,"href":"https:\/\/informativoelvalledeaguascalientes.online\/index.php?rest_route=%2Fwp%2Fv2%2Fcomments&post=80768"}],"version-history":[{"count":1,"href":"https:\/\/informativoelvalledeaguascalientes.online\/index.php?rest_route=\/wp\/v2\/posts\/80768\/revisions"}],"predecessor-version":[{"id":80770,"href":"https:\/\/informativoelvalledeaguascalientes.online\/index.php?rest_route=\/wp\/v2\/posts\/80768\/revisions\/80770"}],"wp:featuredmedia":[{"embeddable":true,"href":"https:\/\/informativoelvalledeaguascalientes.online\/index.php?rest_route=\/wp\/v2\/media\/80769"}],"wp:attachment":[{"href":"https:\/\/informativoelvalledeaguascalientes.online\/index.php?rest_route=%2Fwp%2Fv2%2Fmedia&parent=80768"}],"wp:term":[{"taxonomy":"category","embeddable":true,"href":"https:\/\/informativoelvalledeaguascalientes.online\/index.php?rest_route=%2Fwp%2Fv2%2Fcategories&post=80768"},{"taxonomy":"post_tag","embeddable":true,"href":"https:\/\/informativoelvalledeaguascalientes.online\/index.php?rest_route=%2Fwp%2Fv2%2Ftags&post=80768"}],"curies":[{"name":"wp","href":"https:\/\/api.w.org\/{rel}","templated":true}]}}