{"id":80745,"date":"2025-12-10T17:39:48","date_gmt":"2025-12-10T23:39:48","guid":{"rendered":"https:\/\/informativoelvalledeaguascalientes.online\/?p=80745"},"modified":"2026-01-01T17:42:12","modified_gmt":"2026-01-01T23:42:12","slug":"teatro-del-pueblo-de-la-feria-nacional-de-la-guayaba-2025-con-la-presentacion-de-joss-favela","status":"publish","type":"post","link":"https:\/\/informativoelvalledeaguascalientes.online\/?p=80745","title":{"rendered":"Teatro del Pueblo de la Feria Nacional de la Guayaba 2025 con la presentaci\u00f3n de Joss Favela"},"content":{"rendered":"<p>#informativoelvalledeaguascalientes #novaradioaguascalientes #informativoelvalledeaguascalientesll #Aguascalientes<\/p>\n<p>&nbsp;<\/p>\n<p>El talento joven del regional mexicano conquist\u00f3 el Teatro del Pueblo de la Feria Nacional de la Guayaba 2025 con la presentaci\u00f3n de Joss Favela, en una noche llena de sentimiento, melod\u00edas que tocaron el coraz\u00f3n y un estilo aut\u00e9ntico que conect\u00f3 con el p\u00fablico de principio a fin.<\/p>\n<p>Con su m\u00fasica nueva y sus \u00e9xitos, el escenario se llen\u00f3 de emociones, aplausos y voces que corearon cada canci\u00f3n, haciendo de esta presentaci\u00f3n un momento inolvidable que quedar\u00e1 en la memoria de quienes vivieron esta gran noche.<\/p>\n<p>La m\u00fasica, la fiesta y el talento se unieron para vivir un momento \u00fanico que quedar\u00e1 en la historia de nuestra feria.<\/p>\n<p>#FNGuayaba2025<br \/>\n#\ud835\ude47\ud835\ude5a\ud835\ude5c\ud835\ude56\ud835\ude59\ud835\ude64\ud835\ude4b\ud835\ude56\ud835\ude67\ud835\ude56\ud835\ude48\ud835\ude5e\ud835\ude42\ud835\ude5a\ud835\ude63\ud835\ude69\ud835\ude5a<\/p>\n","protected":false},"excerpt":{"rendered":"<p>#informativoelvalledeaguascalientes #novaradioaguascalientes #informativoelvalledeaguascalientesll #Aguascalientes &nbsp; El talento joven del regional mexicano conquist\u00f3 el Teatro del Pueblo de la Feria Nacional de la Guayaba 2025 con la presentaci\u00f3n de Joss Favela, en una noche llena de sentimiento, melod\u00edas que tocaron el coraz\u00f3n y un estilo aut\u00e9ntico que conect\u00f3 con el p\u00fablico de principio a fin. Con [&hellip;]<\/p>\n","protected":false},"author":1,"featured_media":80746,"comment_status":"closed","ping_status":"open","sticky":false,"template":"","format":"standard","meta":{"advanced_seo_description":"","jetpack_seo_html_title":"","jetpack_seo_noindex":false,"_jetpack_memberships_contains_paid_content":false,"footnotes":"","jetpack_publicize_message":"","jetpack_publicize_feature_enabled":true,"jetpack_social_post_already_shared":true,"jetpack_social_options":{"image_generator_settings":{"template":"highway","default_image_id":0,"font":"","enabled":false},"version":2}},"categories":[21,13],"tags":[22,88,29],"class_list":["post-80745","post","type-post","status-publish","format-standard","has-post-thumbnail","hentry","category-aguascalientes","category-calvillo-aguascalientes","tag-aguascalientes","tag-calvillo","tag-calvillo-aguascalientes"],"jetpack_publicize_connections":[],"jetpack_featured_media_url":"https:\/\/i0.wp.com\/informativoelvalledeaguascalientes.online\/wp-content\/uploads\/2026\/01\/ef79c764-1434-423c-9bdc-acd0dde43e84.jpg?fit=1280%2C914&ssl=1","jetpack-related-posts":[],"jetpack_sharing_enabled":true,"jetpack_likes_enabled":true,"_links":{"self":[{"href":"https:\/\/informativoelvalledeaguascalientes.online\/index.php?rest_route=\/wp\/v2\/posts\/80745","targetHints":{"allow":["GET"]}}],"collection":[{"href":"https:\/\/informativoelvalledeaguascalientes.online\/index.php?rest_route=\/wp\/v2\/posts"}],"about":[{"href":"https:\/\/informativoelvalledeaguascalientes.online\/index.php?rest_route=\/wp\/v2\/types\/post"}],"author":[{"embeddable":true,"href":"https:\/\/informativoelvalledeaguascalientes.online\/index.php?rest_route=\/wp\/v2\/users\/1"}],"replies":[{"embeddable":true,"href":"https:\/\/informativoelvalledeaguascalientes.online\/index.php?rest_route=%2Fwp%2Fv2%2Fcomments&post=80745"}],"version-history":[{"count":1,"href":"https:\/\/informativoelvalledeaguascalientes.online\/index.php?rest_route=\/wp\/v2\/posts\/80745\/revisions"}],"predecessor-version":[{"id":80747,"href":"https:\/\/informativoelvalledeaguascalientes.online\/index.php?rest_route=\/wp\/v2\/posts\/80745\/revisions\/80747"}],"wp:featuredmedia":[{"embeddable":true,"href":"https:\/\/informativoelvalledeaguascalientes.online\/index.php?rest_route=\/wp\/v2\/media\/80746"}],"wp:attachment":[{"href":"https:\/\/informativoelvalledeaguascalientes.online\/index.php?rest_route=%2Fwp%2Fv2%2Fmedia&parent=80745"}],"wp:term":[{"taxonomy":"category","embeddable":true,"href":"https:\/\/informativoelvalledeaguascalientes.online\/index.php?rest_route=%2Fwp%2Fv2%2Fcategories&post=80745"},{"taxonomy":"post_tag","embeddable":true,"href":"https:\/\/informativoelvalledeaguascalientes.online\/index.php?rest_route=%2Fwp%2Fv2%2Ftags&post=80745"}],"curies":[{"name":"wp","href":"https:\/\/api.w.org\/{rel}","templated":true}]}}