{"id":807,"date":"2019-12-11T20:47:07","date_gmt":"2019-12-12T02:47:07","guid":{"rendered":"http:\/\/informativoelvalledeaguascalientes.online\/?p=807"},"modified":"2019-12-11T20:47:07","modified_gmt":"2019-12-12T02:47:07","slug":"gobierno-del-estado-acude-a-la-presentacion-del-sistema-de-informacion-de-derechos-sociales-del-coneval","status":"publish","type":"post","link":"https:\/\/informativoelvalledeaguascalientes.online\/?p=807","title":{"rendered":"GOBIERNO DEL ESTADO ACUDE A LA PRESENTACI\u00d3N DEL SISTEMA DE INFORMACI\u00d3N DE DERECHOS SOCIALES DEL CONEVAL"},"content":{"rendered":"<p>\u25cf\u00a0\u00a0\u00a0\u00a0\u00a0<b><i>Los informes que proporcione el Sistema de Informaci\u00f3n de Derechos Sociales y los datos recabados en las encuestas de Identificaci\u00f3n de Carencias Sociales, permitir\u00e1 conocer las necesidades de las familias m\u00e1s vulnerables en la entidad.<\/i><\/b><\/p>\n<p>En representaci\u00f3n del gobernador Mart\u00edn Orozco Sandoval, el secretario de Desarrollo Social, Paulo Gonzalo Mart\u00ednez L\u00f3pez, acudi\u00f3 a la presentaci\u00f3n del Sistema de Informaci\u00f3n de Derechos Sociales que realiz\u00f3 el Consejo Nacional de Evaluaci\u00f3n de la Pol\u00edtica Social (Coneval).<\/p>\n<p>La presentaci\u00f3n del sistema corri\u00f3 a cargo del director general del Coneval, Jos\u00e9 Nabor Cruz quien se\u00f1al\u00f3, que el sistema\u00a0 est\u00e1 constituido por un conjunto de indicadores que complementan la Medici\u00f3n multidimensional de la pobreza y generan informaci\u00f3n sobre el acceso efectivo a los derechos sociales como: educaci\u00f3n, salud, alimentaci\u00f3n, vivienda y seguridad social, as\u00ed como la calidad de los espacios y el apoyo para adultos mayores y personas con discapacidad.<\/p>\n<p>A\u00f1adi\u00f3, que la mediciones de estos indicadores se efect\u00faan en base a los criterios de disponibilidad, accesibilidad y calidad.<\/p>\n<p>Por su parte, el titular de la Sedeso, se\u00f1al\u00f3 que los informes que proporcione el Sistema de Informaci\u00f3n de Derechos Sociales y los datos que se han recabado en las encuestas de Identificaci\u00f3n de Carencias Sociales que ha realizado la SEDESO de manera conjunta con el INEGI, permitir\u00e1n<b>\u00a0<\/b>conocer a fondo las necesidades m\u00e1s apremiantes de las familias m\u00e1s vulnerables de la entidad.<\/p>\n<p>En la presentaci\u00f3n del Sistema de Informaci\u00f3n de Derechos Sociales del Coneval estuvo presente la titular de la Secretar\u00eda del Bienestar, Mar\u00eda Luisa Albores Gonz\u00e1lez.<\/p>\n","protected":false},"excerpt":{"rendered":"<p>\u25cf\u00a0\u00a0\u00a0\u00a0\u00a0Los informes que proporcione el Sistema de Informaci\u00f3n de Derechos Sociales y los datos recabados en las encuestas de Identificaci\u00f3n de Carencias Sociales, permitir\u00e1 conocer las necesidades de las familias m\u00e1s vulnerables en la entidad. En representaci\u00f3n del gobernador Mart\u00edn Orozco Sandoval, el secretario de Desarrollo Social, Paulo Gonzalo Mart\u00ednez L\u00f3pez, acudi\u00f3 a la presentaci\u00f3n [&hellip;]<\/p>\n","protected":false},"author":1,"featured_media":808,"comment_status":"open","ping_status":"open","sticky":false,"template":"","format":"standard","meta":{"advanced_seo_description":"","jetpack_seo_html_title":"","jetpack_seo_noindex":false,"_jetpack_memberships_contains_paid_content":false,"footnotes":"","jetpack_publicize_message":"","jetpack_publicize_feature_enabled":true,"jetpack_social_post_already_shared":false,"jetpack_social_options":{"image_generator_settings":{"template":"highway","default_image_id":0,"font":"","enabled":false},"version":2}},"categories":[21,4],"tags":[22,24],"class_list":["post-807","post","type-post","status-publish","format-standard","has-post-thumbnail","hentry","category-aguascalientes","category-gobierno-del-estado-aguascalientes","tag-aguascalientes","tag-sedeso"],"jetpack_publicize_connections":[],"jetpack_featured_media_url":"https:\/\/i0.wp.com\/informativoelvalledeaguascalientes.online\/wp-content\/uploads\/2019\/12\/sedeso_11122019-1.jpg?fit=776%2C582&ssl=1","jetpack-related-posts":[],"jetpack_sharing_enabled":true,"jetpack_likes_enabled":true,"_links":{"self":[{"href":"https:\/\/informativoelvalledeaguascalientes.online\/index.php?rest_route=\/wp\/v2\/posts\/807","targetHints":{"allow":["GET"]}}],"collection":[{"href":"https:\/\/informativoelvalledeaguascalientes.online\/index.php?rest_route=\/wp\/v2\/posts"}],"about":[{"href":"https:\/\/informativoelvalledeaguascalientes.online\/index.php?rest_route=\/wp\/v2\/types\/post"}],"author":[{"embeddable":true,"href":"https:\/\/informativoelvalledeaguascalientes.online\/index.php?rest_route=\/wp\/v2\/users\/1"}],"replies":[{"embeddable":true,"href":"https:\/\/informativoelvalledeaguascalientes.online\/index.php?rest_route=%2Fwp%2Fv2%2Fcomments&post=807"}],"version-history":[{"count":1,"href":"https:\/\/informativoelvalledeaguascalientes.online\/index.php?rest_route=\/wp\/v2\/posts\/807\/revisions"}],"predecessor-version":[{"id":809,"href":"https:\/\/informativoelvalledeaguascalientes.online\/index.php?rest_route=\/wp\/v2\/posts\/807\/revisions\/809"}],"wp:featuredmedia":[{"embeddable":true,"href":"https:\/\/informativoelvalledeaguascalientes.online\/index.php?rest_route=\/wp\/v2\/media\/808"}],"wp:attachment":[{"href":"https:\/\/informativoelvalledeaguascalientes.online\/index.php?rest_route=%2Fwp%2Fv2%2Fmedia&parent=807"}],"wp:term":[{"taxonomy":"category","embeddable":true,"href":"https:\/\/informativoelvalledeaguascalientes.online\/index.php?rest_route=%2Fwp%2Fv2%2Fcategories&post=807"},{"taxonomy":"post_tag","embeddable":true,"href":"https:\/\/informativoelvalledeaguascalientes.online\/index.php?rest_route=%2Fwp%2Fv2%2Ftags&post=807"}],"curies":[{"name":"wp","href":"https:\/\/api.w.org\/{rel}","templated":true}]}}