{"id":80476,"date":"2025-12-11T14:55:54","date_gmt":"2025-12-11T20:55:54","guid":{"rendered":"https:\/\/informativoelvalledeaguascalientes.online\/?p=80476"},"modified":"2025-12-22T15:00:37","modified_gmt":"2025-12-22T21:00:37","slug":"transporte-publico-tendra-cambios-temporales-por-el-maraton-guadalupano","status":"publish","type":"post","link":"https:\/\/informativoelvalledeaguascalientes.online\/?p=80476","title":{"rendered":"TRANSPORTE P\u00daBLICO TENDR\u00c1 CAMBIOS TEMPORALES POR EL MARAT\u00d3N GUADALUPANO"},"content":{"rendered":"<p class=\"p1\">#novaradioaguascalientes #informativoelvalledeaguascalientesll #Aguascalientes<\/p>\n<p>&nbsp;<\/p>\n<p>&nbsp;<\/p>\n<p>Debido al Marat\u00f3n Guadalupano que se realizar\u00e1 el viernes 12 de diciembre, algunas rutas de camiones urbanos realizar\u00e1n cambios temporales en su recorrido.<\/p>\n<p>Las rutas que se modificar\u00e1n son: 1, 2, 3, 4, 5, 6, 7, 8, 9, 10N, 10S, 11, 12, 16, 18, 19, 23, 24, 25, 27, 28, 29, 34, 36, 37, 38, 39, 41 Alameda, 41 Penal, 43N, 43S, 46, 47 y 48. A partir de las 10:30 horas y hasta las 18:00 horas.<br \/>\nSe recomienda a los usuarios revisar con anticipaci\u00f3n los recorridos alternos de la ruta que utilizan, los cuales se muestran en los siguientes enlaces:<br \/>\nRutas 1, 2, 3, 4, 5, 6, 7 y 8: https:\/\/www.google.com\/maps\/d\/edit?mid=1IB2gLYKbXLQbRgLy6mZlL-F94XIetXI&amp;usp=sharing.<\/p>\n<p>Rutas 9, 10N, 10S, 11, 12, 16, 18, 19 y 23: https:\/\/www.google.com\/maps\/d\/edit?mid=1Y71zj_yCMt7uX40zjeE_L6kwh9EPftI&amp;usp=sharing.<\/p>\n<p>Rutas 24, 25, 27, 28, 29, 34, 36 y 37: https:\/\/www.google.com\/maps\/d\/edit?mid=1vSIfWYcNUobbgR-kBIIi8BH_HP68XCQ&amp;usp=sharing.<\/p>\n<p>Rutas 38, 39, 41 Alameda, 41 Penal, 43N, 43S, 46, 47 y 48: https:\/\/www.google.com\/maps\/d\/edit?mid=1nokQZJO375ea_RDsakk2ju_8WS3TZBk&amp;usp=sharing.<\/p>\n","protected":false},"excerpt":{"rendered":"<p>#novaradioaguascalientes #informativoelvalledeaguascalientesll #Aguascalientes &nbsp; &nbsp; Debido al Marat\u00f3n Guadalupano que se realizar\u00e1 el viernes 12 de diciembre, algunas rutas de camiones urbanos realizar\u00e1n cambios temporales en su recorrido. Las rutas que se modificar\u00e1n son: 1, 2, 3, 4, 5, 6, 7, 8, 9, 10N, 10S, 11, 12, 16, 18, 19, 23, 24, 25, 27, 28, [&hellip;]<\/p>\n","protected":false},"author":1,"featured_media":80477,"comment_status":"closed","ping_status":"open","sticky":false,"template":"","format":"standard","meta":{"advanced_seo_description":"","jetpack_seo_html_title":"","jetpack_seo_noindex":false,"_jetpack_memberships_contains_paid_content":false,"footnotes":"","jetpack_publicize_message":"","jetpack_publicize_feature_enabled":true,"jetpack_social_post_already_shared":true,"jetpack_social_options":{"image_generator_settings":{"template":"highway","default_image_id":0,"font":"","enabled":false},"version":2}},"categories":[21,4],"tags":[22,615],"class_list":["post-80476","post","type-post","status-publish","format-standard","has-post-thumbnail","hentry","category-aguascalientes","category-gobierno-del-estado-aguascalientes","tag-aguascalientes","tag-gobierno-del-estado-de-aguascalientes"],"jetpack_publicize_connections":[],"jetpack_featured_media_url":"https:\/\/i0.wp.com\/informativoelvalledeaguascalientes.online\/wp-content\/uploads\/2025\/12\/64ca182c-d7f7-4fb6-9274-7b8ba2327edc.jpg?fit=1280%2C1279&ssl=1","jetpack-related-posts":[],"jetpack_sharing_enabled":true,"jetpack_likes_enabled":true,"_links":{"self":[{"href":"https:\/\/informativoelvalledeaguascalientes.online\/index.php?rest_route=\/wp\/v2\/posts\/80476","targetHints":{"allow":["GET"]}}],"collection":[{"href":"https:\/\/informativoelvalledeaguascalientes.online\/index.php?rest_route=\/wp\/v2\/posts"}],"about":[{"href":"https:\/\/informativoelvalledeaguascalientes.online\/index.php?rest_route=\/wp\/v2\/types\/post"}],"author":[{"embeddable":true,"href":"https:\/\/informativoelvalledeaguascalientes.online\/index.php?rest_route=\/wp\/v2\/users\/1"}],"replies":[{"embeddable":true,"href":"https:\/\/informativoelvalledeaguascalientes.online\/index.php?rest_route=%2Fwp%2Fv2%2Fcomments&post=80476"}],"version-history":[{"count":1,"href":"https:\/\/informativoelvalledeaguascalientes.online\/index.php?rest_route=\/wp\/v2\/posts\/80476\/revisions"}],"predecessor-version":[{"id":80478,"href":"https:\/\/informativoelvalledeaguascalientes.online\/index.php?rest_route=\/wp\/v2\/posts\/80476\/revisions\/80478"}],"wp:featuredmedia":[{"embeddable":true,"href":"https:\/\/informativoelvalledeaguascalientes.online\/index.php?rest_route=\/wp\/v2\/media\/80477"}],"wp:attachment":[{"href":"https:\/\/informativoelvalledeaguascalientes.online\/index.php?rest_route=%2Fwp%2Fv2%2Fmedia&parent=80476"}],"wp:term":[{"taxonomy":"category","embeddable":true,"href":"https:\/\/informativoelvalledeaguascalientes.online\/index.php?rest_route=%2Fwp%2Fv2%2Fcategories&post=80476"},{"taxonomy":"post_tag","embeddable":true,"href":"https:\/\/informativoelvalledeaguascalientes.online\/index.php?rest_route=%2Fwp%2Fv2%2Ftags&post=80476"}],"curies":[{"name":"wp","href":"https:\/\/api.w.org\/{rel}","templated":true}]}}