{"id":80467,"date":"2025-12-11T13:17:00","date_gmt":"2025-12-11T19:17:00","guid":{"rendered":"https:\/\/informativoelvalledeaguascalientes.online\/?p=80467"},"modified":"2025-12-22T13:18:59","modified_gmt":"2025-12-22T19:18:59","slug":"estudiante-de-aguascalientes-representara-a-mexico-en-la-final-mundial-de-matematicas-en-china","status":"publish","type":"post","link":"https:\/\/informativoelvalledeaguascalientes.online\/?p=80467","title":{"rendered":"ESTUDIANTE DE AGUASCALIENTES REPRESENTAR\u00c1 A M\u00c9XICO EN LA FINAL MUNDIAL DE MATEM\u00c1TICAS EN CHINA"},"content":{"rendered":"<p class=\"p1\">#novaradioaguascalientes #informativoelvalledeaguascalientesll #Aguascalientes<\/p>\n<p>&nbsp;<\/p>\n<p>Ian Hideki Cuamatzi Leal, estudiante de 15 a\u00f1os de PrepaTec y cuya pasi\u00f3n por las matem\u00e1ticas lo acompa\u00f1a desde la infancia, est\u00e1 listo para cruzar el mundo y representar a M\u00e9xico en la final global de la Olimpiada Internacional Juvenil de Matem\u00e1ticas (IJMO, por sus siglas en ingl\u00e9s) 2025, que se desarrollar\u00e1 en Shenzhen, China.<\/p>\n<p>Su camino comenz\u00f3 en la Secundaria Cedros, donde dio el salto al escenario internacional al participar en la Olimpiada de Matem\u00e1ticas de Escuelas de Singapur y Asia (SASMO). Esa experiencia fue la que le abri\u00f3 la puerta a la competencia que hoy lo llevar\u00e1 al otro lado del mundo.<\/p>\n<p>Ian agradeci\u00f3 el apoyo recibido a trav\u00e9s de la Beca Pasos Gigantes, otorgada por la gobernadora Tere Jim\u00e9nez, la cual fue clave para cubrir parte de sus preparativos rumbo a China.<\/p>\n<p>Del 12 al 17 de diciembre, Ian se enfrentar\u00e1 a desaf\u00edos de prec\u00e1lculo, \u00e1lgebra, pensamiento matem\u00e1tico y razonamiento avanzado, compitiendo con algunos de los j\u00f3venes m\u00e1s talentosos del mundo.<\/p>\n<p>En su tiempo libre, el joven estudiante disfruta ayudar a sus compa\u00f1eras y compa\u00f1eros que tienen dificultades en matem\u00e1ticas, pues est\u00e1 convencido de que el conocimiento crece cuando se comparte. Su esfuerzo y disciplina tambi\u00e9n lo han llevado a destacar en encuentros como el Marat\u00f3n de Matem\u00e1ticas del Tec, First Off Season Santa Catarina 2025 e IRONMATH 2025, entre otros.<\/p>\n<p>Ian envi\u00f3 un mensaje a las y los j\u00f3venes de Aguascalientes: confiar en s\u00ed mismos, no rendirse y perseguir con determinaci\u00f3n cada uno de sus sue\u00f1os.<\/p>\n","protected":false},"excerpt":{"rendered":"<p>#novaradioaguascalientes #informativoelvalledeaguascalientesll #Aguascalientes &nbsp; Ian Hideki Cuamatzi Leal, estudiante de 15 a\u00f1os de PrepaTec y cuya pasi\u00f3n por las matem\u00e1ticas lo acompa\u00f1a desde la infancia, est\u00e1 listo para cruzar el mundo y representar a M\u00e9xico en la final global de la Olimpiada Internacional Juvenil de Matem\u00e1ticas (IJMO, por sus siglas en ingl\u00e9s) 2025, que se [&hellip;]<\/p>\n","protected":false},"author":1,"featured_media":80468,"comment_status":"closed","ping_status":"open","sticky":false,"template":"","format":"standard","meta":{"advanced_seo_description":"","jetpack_seo_html_title":"","jetpack_seo_noindex":false,"_jetpack_memberships_contains_paid_content":false,"footnotes":"","jetpack_publicize_message":"","jetpack_publicize_feature_enabled":true,"jetpack_social_post_already_shared":true,"jetpack_social_options":{"image_generator_settings":{"template":"highway","default_image_id":0,"font":"","enabled":false},"version":2}},"categories":[21,4],"tags":[22,615,39],"class_list":["post-80467","post","type-post","status-publish","format-standard","has-post-thumbnail","hentry","category-aguascalientes","category-gobierno-del-estado-aguascalientes","tag-aguascalientes","tag-gobierno-del-estado-de-aguascalientes","tag-iea"],"jetpack_publicize_connections":[],"jetpack_featured_media_url":"https:\/\/i0.wp.com\/informativoelvalledeaguascalientes.online\/wp-content\/uploads\/2025\/12\/729e51c2-822c-4b8d-a8bd-6764eefe9631.jpg?fit=1600%2C1066&ssl=1","jetpack-related-posts":[],"jetpack_sharing_enabled":true,"jetpack_likes_enabled":true,"_links":{"self":[{"href":"https:\/\/informativoelvalledeaguascalientes.online\/index.php?rest_route=\/wp\/v2\/posts\/80467","targetHints":{"allow":["GET"]}}],"collection":[{"href":"https:\/\/informativoelvalledeaguascalientes.online\/index.php?rest_route=\/wp\/v2\/posts"}],"about":[{"href":"https:\/\/informativoelvalledeaguascalientes.online\/index.php?rest_route=\/wp\/v2\/types\/post"}],"author":[{"embeddable":true,"href":"https:\/\/informativoelvalledeaguascalientes.online\/index.php?rest_route=\/wp\/v2\/users\/1"}],"replies":[{"embeddable":true,"href":"https:\/\/informativoelvalledeaguascalientes.online\/index.php?rest_route=%2Fwp%2Fv2%2Fcomments&post=80467"}],"version-history":[{"count":1,"href":"https:\/\/informativoelvalledeaguascalientes.online\/index.php?rest_route=\/wp\/v2\/posts\/80467\/revisions"}],"predecessor-version":[{"id":80469,"href":"https:\/\/informativoelvalledeaguascalientes.online\/index.php?rest_route=\/wp\/v2\/posts\/80467\/revisions\/80469"}],"wp:featuredmedia":[{"embeddable":true,"href":"https:\/\/informativoelvalledeaguascalientes.online\/index.php?rest_route=\/wp\/v2\/media\/80468"}],"wp:attachment":[{"href":"https:\/\/informativoelvalledeaguascalientes.online\/index.php?rest_route=%2Fwp%2Fv2%2Fmedia&parent=80467"}],"wp:term":[{"taxonomy":"category","embeddable":true,"href":"https:\/\/informativoelvalledeaguascalientes.online\/index.php?rest_route=%2Fwp%2Fv2%2Fcategories&post=80467"},{"taxonomy":"post_tag","embeddable":true,"href":"https:\/\/informativoelvalledeaguascalientes.online\/index.php?rest_route=%2Fwp%2Fv2%2Ftags&post=80467"}],"curies":[{"name":"wp","href":"https:\/\/api.w.org\/{rel}","templated":true}]}}