{"id":80459,"date":"2025-12-10T23:04:25","date_gmt":"2025-12-11T05:04:25","guid":{"rendered":"https:\/\/informativoelvalledeaguascalientes.online\/?p=80459"},"modified":"2025-12-19T23:06:56","modified_gmt":"2025-12-20T05:06:56","slug":"aguascalientes-se-perfila-como-polo-de-desarrollo-economico-del-pais","status":"publish","type":"post","link":"https:\/\/informativoelvalledeaguascalientes.online\/?p=80459","title":{"rendered":"AGUASCALIENTES SE PERFILA COMO POLO DE DESARROLLO ECON\u00d3MICO DEL PA\u00cdS"},"content":{"rendered":"<p class=\"p1\">#novaradioaguascalientes #informativoelvalledeaguascalientesll #Aguascalientes<\/p>\n<p>&nbsp;<\/p>\n<p>La gobernadora Tere Jim\u00e9nez sostuvo una reuni\u00f3n de trabajo con Vidal Llerenas Morales, subsecretario de Industria y Comercio de la Secretar\u00eda de Econom\u00eda del gobierno federal, a quien present\u00f3 el proyecto del parque industrial Agr\u00f3sfera para que sea incorporado como un Polo de Desarrollo Econ\u00f3mico del Bienestar para el Estado de Aguascalientes.<\/p>\n<p>De consolidarse, este proyecto permitir\u00e1 obtener importantes beneficios e incentivos de parte de la Federaci\u00f3n para el fomento de las inversiones y el desarrollo de sectores estrat\u00e9gicos para la econom\u00eda de la entidad.<\/p>\n<p>\u201cEsperamos que en breve se concrete este proyecto que vendr\u00e1 a reforzar la pol\u00edtica de atracci\u00f3n de inversiones que tenemos en Aguascalientes; sin duda, esto representar\u00e1 beneficios tangibles para el desarrollo econ\u00f3mico de nuestro estado y de su gente\u201d, subray\u00f3 la gobernadora.<\/p>\n<p>Llerenas Morales destac\u00f3 que, gracias a su infraestructura, capacidad energ\u00e9tica, sostenibilidad ambiental y terreno disponible, Aguascalientes avanza en la evaluaci\u00f3n t\u00e9cnica que realiza la Comisi\u00f3n Intersecretarial para determinar la viabilidad de crear un Polo de Desarrollo Econ\u00f3mico para el Bienestar en esta entidad.<\/p>\n<p>Detall\u00f3 que de aprobarse, el estado de Aguascalientes recibir\u00eda una serie de incentivos fiscales en apoyo a las inversiones en activos fijos, capacitaci\u00f3n dual, investigaci\u00f3n y desarrollo tecnol\u00f3gico.<\/p>\n<p>Precis\u00f3 que los Polos de Desarrollo Econ\u00f3mico para el Bienestar son un proyecto del gobierno federal que busca fomentar la inversi\u00f3n y el desarrollo econ\u00f3mico en regiones estrat\u00e9gicas del pa\u00eds; dijo que entre los sectores clave que se busca impulsar, destacan agroindustria; aeroespacial; automotriz y electromovilidad; bienes de consumo; farmac\u00e9utica y dispositivos m\u00e9dicos; electr\u00f3nica y semiconductores; energ\u00eda y qu\u00edmica, entre otros.<\/p>\n<p>Por \u00faltimo, el funcionario federal indic\u00f3 que esta estrategia busca ordenar el crecimiento industrial y asegurar que las inversiones se alineen con las necesidades locales y la infraestructura social.<\/p>\n<p>Durante el encuentro que se realiz\u00f3 en la Ciudad de M\u00e9xico, tambi\u00e9n estuvieron presentes funcionarios de la Secretar\u00eda de Econom\u00eda federal.<\/p>\n","protected":false},"excerpt":{"rendered":"<p>#novaradioaguascalientes #informativoelvalledeaguascalientesll #Aguascalientes &nbsp; La gobernadora Tere Jim\u00e9nez sostuvo una reuni\u00f3n de trabajo con Vidal Llerenas Morales, subsecretario de Industria y Comercio de la Secretar\u00eda de Econom\u00eda del gobierno federal, a quien present\u00f3 el proyecto del parque industrial Agr\u00f3sfera para que sea incorporado como un Polo de Desarrollo Econ\u00f3mico del Bienestar para el Estado de [&hellip;]<\/p>\n","protected":false},"author":1,"featured_media":80460,"comment_status":"closed","ping_status":"open","sticky":false,"template":"","format":"standard","meta":{"advanced_seo_description":"","jetpack_seo_html_title":"","jetpack_seo_noindex":false,"_jetpack_memberships_contains_paid_content":false,"footnotes":"","jetpack_publicize_message":"","jetpack_publicize_feature_enabled":true,"jetpack_social_post_already_shared":true,"jetpack_social_options":{"image_generator_settings":{"template":"highway","default_image_id":0,"font":"","enabled":false},"version":2}},"categories":[21,4],"tags":[22,615,320],"class_list":["post-80459","post","type-post","status-publish","format-standard","has-post-thumbnail","hentry","category-aguascalientes","category-gobierno-del-estado-aguascalientes","tag-aguascalientes","tag-gobierno-del-estado-de-aguascalientes","tag-tere-jimenez"],"jetpack_publicize_connections":[],"jetpack_featured_media_url":"https:\/\/i0.wp.com\/informativoelvalledeaguascalientes.online\/wp-content\/uploads\/2025\/12\/73b945b2-1a47-4dea-acdf-06adb50dd6c8.jpg?fit=1600%2C1274&ssl=1","jetpack-related-posts":[],"jetpack_sharing_enabled":true,"jetpack_likes_enabled":true,"_links":{"self":[{"href":"https:\/\/informativoelvalledeaguascalientes.online\/index.php?rest_route=\/wp\/v2\/posts\/80459","targetHints":{"allow":["GET"]}}],"collection":[{"href":"https:\/\/informativoelvalledeaguascalientes.online\/index.php?rest_route=\/wp\/v2\/posts"}],"about":[{"href":"https:\/\/informativoelvalledeaguascalientes.online\/index.php?rest_route=\/wp\/v2\/types\/post"}],"author":[{"embeddable":true,"href":"https:\/\/informativoelvalledeaguascalientes.online\/index.php?rest_route=\/wp\/v2\/users\/1"}],"replies":[{"embeddable":true,"href":"https:\/\/informativoelvalledeaguascalientes.online\/index.php?rest_route=%2Fwp%2Fv2%2Fcomments&post=80459"}],"version-history":[{"count":1,"href":"https:\/\/informativoelvalledeaguascalientes.online\/index.php?rest_route=\/wp\/v2\/posts\/80459\/revisions"}],"predecessor-version":[{"id":80461,"href":"https:\/\/informativoelvalledeaguascalientes.online\/index.php?rest_route=\/wp\/v2\/posts\/80459\/revisions\/80461"}],"wp:featuredmedia":[{"embeddable":true,"href":"https:\/\/informativoelvalledeaguascalientes.online\/index.php?rest_route=\/wp\/v2\/media\/80460"}],"wp:attachment":[{"href":"https:\/\/informativoelvalledeaguascalientes.online\/index.php?rest_route=%2Fwp%2Fv2%2Fmedia&parent=80459"}],"wp:term":[{"taxonomy":"category","embeddable":true,"href":"https:\/\/informativoelvalledeaguascalientes.online\/index.php?rest_route=%2Fwp%2Fv2%2Fcategories&post=80459"},{"taxonomy":"post_tag","embeddable":true,"href":"https:\/\/informativoelvalledeaguascalientes.online\/index.php?rest_route=%2Fwp%2Fv2%2Ftags&post=80459"}],"curies":[{"name":"wp","href":"https:\/\/api.w.org\/{rel}","templated":true}]}}