{"id":80414,"date":"2025-12-09T17:58:05","date_gmt":"2025-12-09T23:58:05","guid":{"rendered":"https:\/\/informativoelvalledeaguascalientes.online\/?p=80414"},"modified":"2025-12-15T18:12:24","modified_gmt":"2025-12-16T00:12:24","slug":"video-nissan-aguascalientes-consolida-su-liderazgo-mundial-en-calidad-automotriz-con-la-nueva-expansion-de-nissan","status":"publish","type":"post","link":"https:\/\/informativoelvalledeaguascalientes.online\/?p=80414","title":{"rendered":"VIDEO NISSAN: AGUASCALIENTES CONSOLIDA SU LIDERAZGO MUNDIAL EN CALIDAD AUTOMOTRIZ CON LA NUEVA EXPANSI\u00d3N DE NISSAN"},"content":{"rendered":"<p class=\"p1\">#novaradioaguascalientes #informativoelvalledeaguascalientesll #Aguascalientes<\/p>\n<div style=\"width: 464px;\" class=\"wp-video\"><video class=\"wp-video-shortcode\" id=\"video-80414-1\" width=\"464\" height=\"832\" preload=\"metadata\" controls=\"controls\"><source type=\"video\/mp4\" src=\"https:\/\/informativoelvalledeaguascalientes.online\/wp-content\/uploads\/2025\/12\/WhatsApp-Video-2025-12-09-at-4.31.28-PM.mp4?_=1\" \/><a href=\"https:\/\/informativoelvalledeaguascalientes.online\/wp-content\/uploads\/2025\/12\/WhatsApp-Video-2025-12-09-at-4.31.28-PM.mp4\">https:\/\/informativoelvalledeaguascalientes.online\/wp-content\/uploads\/2025\/12\/WhatsApp-Video-2025-12-09-at-4.31.28-PM.mp4<\/a><\/video><\/div>\n<p>&nbsp;<\/p>\n<p>Agradezco a Joan Busquets, Vicepresidente de Manufactura de Nissan Mexicana, a directivos y a todo el personal operativo por seguir confiando en Aguascalientes.<\/p>\n<p>\u00a1Nissan A1 y A2 seguir\u00e1n siendo las plantas m\u00e1s productivas y eficientes del mundo!<\/p>\n<p>#ElGiganteDeM\u00e9xico<\/p>\n","protected":false},"excerpt":{"rendered":"<p>#novaradioaguascalientes #informativoelvalledeaguascalientesll #Aguascalientes &nbsp; Agradezco a Joan Busquets, Vicepresidente de Manufactura de Nissan Mexicana, a directivos y a todo el personal operativo por seguir confiando en Aguascalientes. \u00a1Nissan A1 y A2 seguir\u00e1n siendo las plantas m\u00e1s productivas y eficientes del mundo! #ElGiganteDeM\u00e9xico<\/p>\n","protected":false},"author":1,"featured_media":80416,"comment_status":"closed","ping_status":"open","sticky":false,"template":"","format":"standard","meta":{"_monsterinsights_skip_tracking":false,"advanced_seo_description":"","jetpack_seo_html_title":"","jetpack_seo_noindex":false,"jetpack_seo_schema_type":"","_jetpack_newsletter_access":"","_jetpack_dont_email_post_to_subs":false,"_jetpack_newsletter_tier_id":0,"_jetpack_memberships_contains_paywalled_content":false,"_jetpack_feature_clip_id":0,"_jetpack_memberships_contains_paid_content":false,"footnotes":"","jetpack_publicize_message":"","jetpack_publicize_feature_enabled":true,"jetpack_social_post_already_shared":true,"jetpack_social_options":{"image_generator_settings":{"template":"highway","default_image_id":0,"font":"","enabled":false},"version":2},"jetpack_post_was_ever_published":false},"categories":[21,4],"tags":[22,615,320],"class_list":["post-80414","post","type-post","status-publish","format-standard","has-post-thumbnail","hentry","category-aguascalientes","category-gobierno-del-estado-aguascalientes","tag-aguascalientes","tag-gobierno-del-estado-de-aguascalientes","tag-tere-jimenez"],"jetpack_publicize_connections":[],"jetpack_featured_media_url":"https:\/\/i0.wp.com\/informativoelvalledeaguascalientes.online\/wp-content\/uploads\/2025\/12\/Captura-de-pantalla-2025-12-15-a-las-6.10.54-p.m.png?fit=354%2C640&ssl=1","jetpack-related-posts":[],"jetpack_sharing_enabled":true,"jetpack_likes_enabled":true,"_links":{"self":[{"href":"https:\/\/informativoelvalledeaguascalientes.online\/index.php?rest_route=\/wp\/v2\/posts\/80414","targetHints":{"allow":["GET"]}}],"collection":[{"href":"https:\/\/informativoelvalledeaguascalientes.online\/index.php?rest_route=\/wp\/v2\/posts"}],"about":[{"href":"https:\/\/informativoelvalledeaguascalientes.online\/index.php?rest_route=\/wp\/v2\/types\/post"}],"author":[{"embeddable":true,"href":"https:\/\/informativoelvalledeaguascalientes.online\/index.php?rest_route=\/wp\/v2\/users\/1"}],"replies":[{"embeddable":true,"href":"https:\/\/informativoelvalledeaguascalientes.online\/index.php?rest_route=%2Fwp%2Fv2%2Fcomments&post=80414"}],"version-history":[{"count":1,"href":"https:\/\/informativoelvalledeaguascalientes.online\/index.php?rest_route=\/wp\/v2\/posts\/80414\/revisions"}],"predecessor-version":[{"id":80417,"href":"https:\/\/informativoelvalledeaguascalientes.online\/index.php?rest_route=\/wp\/v2\/posts\/80414\/revisions\/80417"}],"wp:featuredmedia":[{"embeddable":true,"href":"https:\/\/informativoelvalledeaguascalientes.online\/index.php?rest_route=\/wp\/v2\/media\/80416"}],"wp:attachment":[{"href":"https:\/\/informativoelvalledeaguascalientes.online\/index.php?rest_route=%2Fwp%2Fv2%2Fmedia&parent=80414"}],"wp:term":[{"taxonomy":"category","embeddable":true,"href":"https:\/\/informativoelvalledeaguascalientes.online\/index.php?rest_route=%2Fwp%2Fv2%2Fcategories&post=80414"},{"taxonomy":"post_tag","embeddable":true,"href":"https:\/\/informativoelvalledeaguascalientes.online\/index.php?rest_route=%2Fwp%2Fv2%2Ftags&post=80414"}],"curies":[{"name":"wp","href":"https:\/\/api.w.org\/{rel}","templated":true}]}}