{"id":79938,"date":"2025-11-27T22:29:46","date_gmt":"2025-11-28T04:29:46","guid":{"rendered":"https:\/\/informativoelvalledeaguascalientes.online\/?p=79938"},"modified":"2025-11-27T22:29:46","modified_gmt":"2025-11-28T04:29:46","slug":"video-invitacion-celebremos-juntos-el-324-aniversario-de-jesus-maria-%f0%9f%8e%89","status":"publish","type":"post","link":"https:\/\/informativoelvalledeaguascalientes.online\/?p=79938","title":{"rendered":"VIDEO INVITACION: \u00a1Celebremos juntos el 324 aniversario de Jes\u00fas Mar\u00eda! \ud83c\udf89"},"content":{"rendered":"<p class=\"p1\">#novaradioaguascalientes #informativoelvalledeaguascalientesll #Aguascalientes<\/p>\n<div style=\"width: 640px;\" class=\"wp-video\"><video class=\"wp-video-shortcode\" id=\"video-79938-1\" width=\"640\" height=\"361\" preload=\"metadata\" controls=\"controls\"><source type=\"video\/mp4\" src=\"https:\/\/informativoelvalledeaguascalientes.online\/wp-content\/uploads\/2025\/11\/los-pasteles-verdes-en-jm.mp4?_=1\" \/><a href=\"https:\/\/informativoelvalledeaguascalientes.online\/wp-content\/uploads\/2025\/11\/los-pasteles-verdes-en-jm.mp4\">https:\/\/informativoelvalledeaguascalientes.online\/wp-content\/uploads\/2025\/11\/los-pasteles-verdes-en-jm.mp4<\/a><\/video><\/div>\n<p>&nbsp;<\/p>\n<p>Este domingo 30 de noviembre, a las 8:00 pm, acomp\u00e1\u00f1anos a disfrutar la presentaci\u00f3n especial del grupo Los Pasteles Verdes.<\/p>\n<p>Una noche para cantar y recordar\ud83c\udfb6\ud83d\udc9a<\/p>\n<p>\ud83d\udccd Lugar: Escenario frente a la explanada del Palacio Principal<\/p>\n<p>\u00a1Evento totalmente familiar!<br \/>\n#Jes\u00fasMar\u00eda324 #AniversarioJM<\/p>\n<p>&nbsp;<\/p>\n","protected":false},"excerpt":{"rendered":"<p>#novaradioaguascalientes #informativoelvalledeaguascalientesll #Aguascalientes &nbsp; Este domingo 30 de noviembre, a las 8:00 pm, acomp\u00e1\u00f1anos a disfrutar la presentaci\u00f3n especial del grupo Los Pasteles Verdes. Una noche para cantar y recordar\ud83c\udfb6\ud83d\udc9a \ud83d\udccd Lugar: Escenario frente a la explanada del Palacio Principal \u00a1Evento totalmente familiar! #Jes\u00fasMar\u00eda324 #AniversarioJM &nbsp;<\/p>\n","protected":false},"author":1,"featured_media":79940,"comment_status":"closed","ping_status":"open","sticky":false,"template":"","format":"standard","meta":{"advanced_seo_description":"","jetpack_seo_html_title":"","jetpack_seo_noindex":false,"_jetpack_memberships_contains_paid_content":false,"footnotes":"","jetpack_publicize_message":"","jetpack_publicize_feature_enabled":true,"jetpack_social_post_already_shared":true,"jetpack_social_options":{"image_generator_settings":{"template":"highway","default_image_id":0,"font":"","enabled":false},"version":2}},"categories":[21,14],"tags":[22,45],"class_list":["post-79938","post","type-post","status-publish","format-standard","has-post-thumbnail","hentry","category-aguascalientes","category-jesus-maria-aguascalientes","tag-aguascalientes","tag-jesus-maria-aguascalientes"],"jetpack_publicize_connections":[],"jetpack_featured_media_url":"https:\/\/i0.wp.com\/informativoelvalledeaguascalientes.online\/wp-content\/uploads\/2025\/11\/los-pasteles-verdes-en-jm.png?fit=841%2C477&ssl=1","jetpack-related-posts":[],"jetpack_sharing_enabled":true,"jetpack_likes_enabled":true,"_links":{"self":[{"href":"https:\/\/informativoelvalledeaguascalientes.online\/index.php?rest_route=\/wp\/v2\/posts\/79938","targetHints":{"allow":["GET"]}}],"collection":[{"href":"https:\/\/informativoelvalledeaguascalientes.online\/index.php?rest_route=\/wp\/v2\/posts"}],"about":[{"href":"https:\/\/informativoelvalledeaguascalientes.online\/index.php?rest_route=\/wp\/v2\/types\/post"}],"author":[{"embeddable":true,"href":"https:\/\/informativoelvalledeaguascalientes.online\/index.php?rest_route=\/wp\/v2\/users\/1"}],"replies":[{"embeddable":true,"href":"https:\/\/informativoelvalledeaguascalientes.online\/index.php?rest_route=%2Fwp%2Fv2%2Fcomments&post=79938"}],"version-history":[{"count":1,"href":"https:\/\/informativoelvalledeaguascalientes.online\/index.php?rest_route=\/wp\/v2\/posts\/79938\/revisions"}],"predecessor-version":[{"id":79941,"href":"https:\/\/informativoelvalledeaguascalientes.online\/index.php?rest_route=\/wp\/v2\/posts\/79938\/revisions\/79941"}],"wp:featuredmedia":[{"embeddable":true,"href":"https:\/\/informativoelvalledeaguascalientes.online\/index.php?rest_route=\/wp\/v2\/media\/79940"}],"wp:attachment":[{"href":"https:\/\/informativoelvalledeaguascalientes.online\/index.php?rest_route=%2Fwp%2Fv2%2Fmedia&parent=79938"}],"wp:term":[{"taxonomy":"category","embeddable":true,"href":"https:\/\/informativoelvalledeaguascalientes.online\/index.php?rest_route=%2Fwp%2Fv2%2Fcategories&post=79938"},{"taxonomy":"post_tag","embeddable":true,"href":"https:\/\/informativoelvalledeaguascalientes.online\/index.php?rest_route=%2Fwp%2Fv2%2Ftags&post=79938"}],"curies":[{"name":"wp","href":"https:\/\/api.w.org\/{rel}","templated":true}]}}