{"id":79935,"date":"2025-11-27T22:18:34","date_gmt":"2025-11-28T04:18:34","guid":{"rendered":"https:\/\/informativoelvalledeaguascalientes.online\/?p=79935"},"modified":"2025-11-27T22:18:34","modified_gmt":"2025-11-28T04:18:34","slug":"capas-jesus-maria-obtiene-mencion-honorifica-en-la-convencion-y-expo-aneas-2025","status":"publish","type":"post","link":"https:\/\/informativoelvalledeaguascalientes.online\/?p=79935","title":{"rendered":"CAPAS JES\u00daS MAR\u00cdA OBTIENE MENCI\u00d3N HONOR\u00cdFICA EN LA CONVENCI\u00d3N Y EXPO ANEAS 2025"},"content":{"rendered":"<p class=\"p1\">#novaradioaguascalientes #informativoelvalledeaguascalientesll #Aguascalientes<\/p>\n<p>&nbsp;<\/p>\n<p>La Comisi\u00f3n de Agua Potable, Alcantarillado y Saneamiento (CAPAS) del Gobierno Municipal de Jes\u00fas Mar\u00eda fue reconocida con una Menci\u00f3n Honor\u00edfica durante la Convenci\u00f3n Anual y Expo ANEAS 2025, uno de los encuentros m\u00e1s importantes del pa\u00eds en materia h\u00eddrica, que este a\u00f1o se realiza en Le\u00f3n, Guanajuato.<\/p>\n<p>El organismo municipal particip\u00f3 en la categor\u00eda de medianos operadores (de 10 mil a 50 mil tomas) donde fue distinguido con menci\u00f3n honor\u00edfica en pr\u00e1cticas de innovaci\u00f3n y mejora 2025 con el programa Fontanero en tu colonia, el cobro anual y en l\u00ednea. Este reconocimiento coloca a CAPAS Jes\u00fas Mar\u00eda entre los organismos destacados a nivel nacional por su compromiso con la mejora continua.<\/p>\n<p>El presidente municipal de Jes\u00fas Mar\u00eda, C\u00e9sar Medina, reconoci\u00f3 el esfuerzo del equipo que trabaja todos los d\u00edas por garantizar un servicio de agua m\u00e1s eficiente &#8220;Este reconocimiento es una muestra del trabajo profesional y comprometido que se realiza en CAPAS, este tipo de distinciones nos motivan a seguir fortaleciendo la infraestructura y la atenci\u00f3n a los ciudadanos\u201d dijo.<\/p>\n<p>Por su parte, el titular de CAPAS, C\u00e9sar Garc\u00eda, subray\u00f3 que este reconocimiento reafirma la responsabilidad del organismo con la poblaci\u00f3n &#8220;Para nosotros, esta Menci\u00f3n Honor\u00edfica es un reflejo del esfuerzo colectivo, seguiremos trabajando de manera responsable, porque la ciudadan\u00eda merece un servicio digno, eficiente y de calidad.&#8221;<\/p>\n<p>La Convenci\u00f3n y Expo ANEAS es uno de los foros m\u00e1s importantes del pa\u00eds en materia h\u00eddrica, re\u00fane a especialistas, autoridades estatales y municipales, as\u00ed como especialistas, organismos operadores y empresas de clase mundial para analizar la gesti\u00f3n del recurso h\u00eddrico, compartir experiencias y promover buenas pr\u00e1cticas que fortalezcan el sector.<\/p>\n","protected":false},"excerpt":{"rendered":"<p>#novaradioaguascalientes #informativoelvalledeaguascalientesll #Aguascalientes &nbsp; La Comisi\u00f3n de Agua Potable, Alcantarillado y Saneamiento (CAPAS) del Gobierno Municipal de Jes\u00fas Mar\u00eda fue reconocida con una Menci\u00f3n Honor\u00edfica durante la Convenci\u00f3n Anual y Expo ANEAS 2025, uno de los encuentros m\u00e1s importantes del pa\u00eds en materia h\u00eddrica, que este a\u00f1o se realiza en Le\u00f3n, Guanajuato. El organismo municipal [&hellip;]<\/p>\n","protected":false},"author":1,"featured_media":79936,"comment_status":"closed","ping_status":"open","sticky":false,"template":"","format":"standard","meta":{"advanced_seo_description":"","jetpack_seo_html_title":"","jetpack_seo_noindex":false,"_jetpack_memberships_contains_paid_content":false,"footnotes":"","jetpack_publicize_message":"","jetpack_publicize_feature_enabled":true,"jetpack_social_post_already_shared":true,"jetpack_social_options":{"image_generator_settings":{"template":"highway","default_image_id":0,"font":"","enabled":false},"version":2}},"categories":[21,14],"tags":[22,45],"class_list":["post-79935","post","type-post","status-publish","format-standard","has-post-thumbnail","hentry","category-aguascalientes","category-jesus-maria-aguascalientes","tag-aguascalientes","tag-jesus-maria-aguascalientes"],"jetpack_publicize_connections":[],"jetpack_featured_media_url":"https:\/\/i0.wp.com\/informativoelvalledeaguascalientes.online\/wp-content\/uploads\/2025\/11\/99401af9-4d60-45fd-b407-e9d8cdf13b17-scaled.jpg?fit=2560%2C1707&ssl=1","jetpack-related-posts":[],"jetpack_sharing_enabled":true,"jetpack_likes_enabled":true,"_links":{"self":[{"href":"https:\/\/informativoelvalledeaguascalientes.online\/index.php?rest_route=\/wp\/v2\/posts\/79935","targetHints":{"allow":["GET"]}}],"collection":[{"href":"https:\/\/informativoelvalledeaguascalientes.online\/index.php?rest_route=\/wp\/v2\/posts"}],"about":[{"href":"https:\/\/informativoelvalledeaguascalientes.online\/index.php?rest_route=\/wp\/v2\/types\/post"}],"author":[{"embeddable":true,"href":"https:\/\/informativoelvalledeaguascalientes.online\/index.php?rest_route=\/wp\/v2\/users\/1"}],"replies":[{"embeddable":true,"href":"https:\/\/informativoelvalledeaguascalientes.online\/index.php?rest_route=%2Fwp%2Fv2%2Fcomments&post=79935"}],"version-history":[{"count":1,"href":"https:\/\/informativoelvalledeaguascalientes.online\/index.php?rest_route=\/wp\/v2\/posts\/79935\/revisions"}],"predecessor-version":[{"id":79937,"href":"https:\/\/informativoelvalledeaguascalientes.online\/index.php?rest_route=\/wp\/v2\/posts\/79935\/revisions\/79937"}],"wp:featuredmedia":[{"embeddable":true,"href":"https:\/\/informativoelvalledeaguascalientes.online\/index.php?rest_route=\/wp\/v2\/media\/79936"}],"wp:attachment":[{"href":"https:\/\/informativoelvalledeaguascalientes.online\/index.php?rest_route=%2Fwp%2Fv2%2Fmedia&parent=79935"}],"wp:term":[{"taxonomy":"category","embeddable":true,"href":"https:\/\/informativoelvalledeaguascalientes.online\/index.php?rest_route=%2Fwp%2Fv2%2Fcategories&post=79935"},{"taxonomy":"post_tag","embeddable":true,"href":"https:\/\/informativoelvalledeaguascalientes.online\/index.php?rest_route=%2Fwp%2Fv2%2Ftags&post=79935"}],"curies":[{"name":"wp","href":"https:\/\/api.w.org\/{rel}","templated":true}]}}