{"id":79911,"date":"2025-11-27T21:20:11","date_gmt":"2025-11-28T03:20:11","guid":{"rendered":"https:\/\/informativoelvalledeaguascalientes.online\/?p=79911"},"modified":"2025-11-27T21:20:11","modified_gmt":"2025-11-28T03:20:11","slug":"aguascalientes-cuenta-con-la-mejor-trabajadora-social-del-pais-por-segunda-ocasion-recibio-el-premio-nacional-a-la-calidad-en-salud-2025","status":"publish","type":"post","link":"https:\/\/informativoelvalledeaguascalientes.online\/?p=79911","title":{"rendered":"AGUASCALIENTES CUENTA CON LA MEJOR TRABAJADORA SOCIAL DEL PA\u00cdS; POR SEGUNDA OCASI\u00d3N RECIBI\u00d3 EL PREMIO NACIONAL A LA CALIDAD EN SALUD 2025"},"content":{"rendered":"<p class=\"p1\">#novaradioaguascalientes #informativoelvalledeaguascalientesll #Aguascalientes<\/p>\n<p>&nbsp;<\/p>\n<p>* Iris Carolina Sim\u00f3n Mart\u00ednez recibi\u00f3 el Reconocimiento Nacional de Trabajo Social en el Sistema Nacional de Salud 2025<br \/>\n* A \u00c9dgar Salvador Delgado Gloria se le otorg\u00f3 el Reconocimiento Nacional a la Gesti\u00f3n de la Calidad y Seguridad en la Atenci\u00f3n de la Salud 2025<br \/>\n* Esta distinci\u00f3n reconoce su trayectoria profesional, vocaci\u00f3n de servicio y aportaciones a la salud p\u00fablica<\/p>\n<p>Aguascalientes cuenta con la mejor trabajadora social del pa\u00eds, tras ser reconocida por segunda ocasi\u00f3n por la Secretar\u00eda de Salud del Gobierno de M\u00e9xico con el Premio Nacional a la Calidad en Salud.<\/p>\n<p>Iris Carolina Sim\u00f3n Mart\u00ednez recibi\u00f3 el Reconocimiento Nacional de Trabajo Social en el Sistema Nacional de Salud 2025, en la categor\u00eda \u201cAcciones de Trabajo Social para el Fortalecimiento de la Atenci\u00f3n Primaria de Salud\u201d.<\/p>\n<p>Pero eso no es todo, \u00c9dgar Salvador Delgado Gloria tambi\u00e9n fue galardonado con el Reconocimiento Nacional a la Gesti\u00f3n de la Calidad y Seguridad en la Atenci\u00f3n de la Salud 2025, en la categor\u00eda \u201cDocencia en Calidad y Seguridad en la Atenci\u00f3n de la Salud\u201d.<\/p>\n<p>Ambos fueron premiados por su ejemplar trayectoria profesional y laboral, su vocaci\u00f3n de servicio, liderazgo y valiosas aportaciones sociales orientadas a mejorar la salud de la poblaci\u00f3n.<\/p>\n<p>Actualmente, Iris Carolina Sim\u00f3n Mart\u00ednez, licenciada en Trabajo Social, es subdirectora de Operaci\u00f3n Brigada y Territorio en el Servicio Nacional de Salud P\u00fablica en Aguascalientes, desde donde impulsa estrategias de autocuidado, atenci\u00f3n comunitaria e inclusi\u00f3n de proyectos interinstitucionales, as\u00ed como programas innovadores que acercan servicios de salud sexual a la poblaci\u00f3n joven.<\/p>\n<p>Con m\u00e1s de 11 a\u00f1os de trayectoria en el sector salud y una maestr\u00eda en Administraci\u00f3n de Hospitales y Servicios de Salud, ella ha contribuido al dise\u00f1o e implementaci\u00f3n de programas que fortalecen la atenci\u00f3n m\u00e9dica en el estado y el pa\u00eds.<\/p>\n<p>\u00c9dgar Salvador Delgado Gloria, licenciado en Salud P\u00fablica, es responsable de la implementaci\u00f3n del Modelo de Gesti\u00f3n de la Calidad en Salud dentro de la Direcci\u00f3n de Calidad en la Secretar\u00eda de Salud del Estado, donde aporta su liderazgo, compromiso y visi\u00f3n estrat\u00e9gica.<\/p>\n<p>Cuenta con 25 a\u00f1os de experiencia en temas de calidad, su trayectoria se distingue por la formaci\u00f3n de profesionales, la consolidaci\u00f3n de procesos y una contribuci\u00f3n permanente a la mejora continua en los servicios de salud del estado.<\/p>\n<p>Con la entrega de estos reconocimientos, Aguascalientes se consolida como ejemplo nacional en innovaci\u00f3n, gesti\u00f3n y compromiso con la salud de la poblaci\u00f3n.<\/p>\n<p>La ceremonia de premiaci\u00f3n se realiz\u00f3 en la Ciudad de M\u00e9xico y los galardonados estuvieron acompa\u00f1ados por el secretario de Salud del Estado de Aguascalientes, Rub\u00e9n Galaviz Trist\u00e1n.<\/p>\n","protected":false},"excerpt":{"rendered":"<p>#novaradioaguascalientes #informativoelvalledeaguascalientesll #Aguascalientes &nbsp; * Iris Carolina Sim\u00f3n Mart\u00ednez recibi\u00f3 el Reconocimiento Nacional de Trabajo Social en el Sistema Nacional de Salud 2025 * A \u00c9dgar Salvador Delgado Gloria se le otorg\u00f3 el Reconocimiento Nacional a la Gesti\u00f3n de la Calidad y Seguridad en la Atenci\u00f3n de la Salud 2025 * Esta distinci\u00f3n reconoce su [&hellip;]<\/p>\n","protected":false},"author":1,"featured_media":79912,"comment_status":"closed","ping_status":"open","sticky":false,"template":"","format":"standard","meta":{"advanced_seo_description":"","jetpack_seo_html_title":"","jetpack_seo_noindex":false,"_jetpack_memberships_contains_paid_content":false,"footnotes":"","jetpack_publicize_message":"","jetpack_publicize_feature_enabled":true,"jetpack_social_post_already_shared":true,"jetpack_social_options":{"image_generator_settings":{"template":"highway","default_image_id":0,"font":"","enabled":false},"version":2}},"categories":[21,4],"tags":[22,615,30],"class_list":["post-79911","post","type-post","status-publish","format-standard","has-post-thumbnail","hentry","category-aguascalientes","category-gobierno-del-estado-aguascalientes","tag-aguascalientes","tag-gobierno-del-estado-de-aguascalientes","tag-issea"],"jetpack_publicize_connections":[],"jetpack_featured_media_url":"https:\/\/i0.wp.com\/informativoelvalledeaguascalientes.online\/wp-content\/uploads\/2025\/11\/390e3778-3062-4a9b-ac15-c6a407b16491.jpg?fit=1200%2C1600&ssl=1","jetpack-related-posts":[],"jetpack_sharing_enabled":true,"jetpack_likes_enabled":true,"_links":{"self":[{"href":"https:\/\/informativoelvalledeaguascalientes.online\/index.php?rest_route=\/wp\/v2\/posts\/79911","targetHints":{"allow":["GET"]}}],"collection":[{"href":"https:\/\/informativoelvalledeaguascalientes.online\/index.php?rest_route=\/wp\/v2\/posts"}],"about":[{"href":"https:\/\/informativoelvalledeaguascalientes.online\/index.php?rest_route=\/wp\/v2\/types\/post"}],"author":[{"embeddable":true,"href":"https:\/\/informativoelvalledeaguascalientes.online\/index.php?rest_route=\/wp\/v2\/users\/1"}],"replies":[{"embeddable":true,"href":"https:\/\/informativoelvalledeaguascalientes.online\/index.php?rest_route=%2Fwp%2Fv2%2Fcomments&post=79911"}],"version-history":[{"count":1,"href":"https:\/\/informativoelvalledeaguascalientes.online\/index.php?rest_route=\/wp\/v2\/posts\/79911\/revisions"}],"predecessor-version":[{"id":79913,"href":"https:\/\/informativoelvalledeaguascalientes.online\/index.php?rest_route=\/wp\/v2\/posts\/79911\/revisions\/79913"}],"wp:featuredmedia":[{"embeddable":true,"href":"https:\/\/informativoelvalledeaguascalientes.online\/index.php?rest_route=\/wp\/v2\/media\/79912"}],"wp:attachment":[{"href":"https:\/\/informativoelvalledeaguascalientes.online\/index.php?rest_route=%2Fwp%2Fv2%2Fmedia&parent=79911"}],"wp:term":[{"taxonomy":"category","embeddable":true,"href":"https:\/\/informativoelvalledeaguascalientes.online\/index.php?rest_route=%2Fwp%2Fv2%2Fcategories&post=79911"},{"taxonomy":"post_tag","embeddable":true,"href":"https:\/\/informativoelvalledeaguascalientes.online\/index.php?rest_route=%2Fwp%2Fv2%2Ftags&post=79911"}],"curies":[{"name":"wp","href":"https:\/\/api.w.org\/{rel}","templated":true}]}}