{"id":79899,"date":"2025-11-27T19:33:03","date_gmt":"2025-11-28T01:33:03","guid":{"rendered":"https:\/\/informativoelvalledeaguascalientes.online\/?p=79899"},"modified":"2025-11-27T19:33:03","modified_gmt":"2025-11-28T01:33:03","slug":"fortalece-leo-montanez-la-seguridad-publica-en-aguascalientes-con-78-nuevos-policias","status":"publish","type":"post","link":"https:\/\/informativoelvalledeaguascalientes.online\/?p=79899","title":{"rendered":"FORTALECE LEO MONTA\u00d1EZ LA SEGURIDAD P\u00daBLICA EN AGUASCALIENTES CON 78 NUEVOS POLIC\u00cdAS"},"content":{"rendered":"<p class=\"p1\">#novaradioaguascalientes #informativoelvalledeaguascalientesll #Aguascalientes<\/p>\n<p>&nbsp;<\/p>\n<ul>\n<li><strong>En la graduaci\u00f3n de las generaciones 36, 37 y 38 del Instituto Superior en Seguridad P\u00fablica, refrend\u00f3 el compromiso de reforzar el entorno seguro y la paz social<\/strong><\/li>\n<\/ul>\n<p>&nbsp;<\/p>\n<p>En el marco de su primer informe, el presidente municipal,\u00a0<strong>Leo Monta\u00f1ez<\/strong>, encabez\u00f3 la ceremonia de graduaci\u00f3n de las Generaciones 36, 37 y 38 del Curso de Formaci\u00f3n Inicial en Polic\u00eda de Proximidad del Instituto Superior en Seguridad P\u00fablica, en donde 78 nuevos polic\u00edas se integrar\u00e1n a la corporaci\u00f3n municipal para fortalecer la seguridad de las familias.<\/p>\n<p>Al entregar constancias, imponer grados y tomar la protesta de ley correspondiente a 45 nuevas polic\u00edas y 33 nuevos polic\u00edas municipales,\u00a0<strong>Leo Monta\u00f1ez<\/strong>, dijo que brindar\u00e1n mayor confianza e inspirar\u00e1n a ni\u00f1as, ni\u00f1os y j\u00f3venes en las colonias y comunidades y que como primeros respondientes lleven la cultura de paz a la sociedad.<\/p>\n<p>Remarc\u00f3 que hoy Aguascalientes cuenta con m\u00e1s de mil 450 polic\u00edas y asegur\u00f3 que se seguir\u00e1 fortaleciendo a la Polic\u00eda Municipal con equipamiento y capacitaci\u00f3n para dar una mejor respuesta a la ciudadan\u00eda y consolidar una polic\u00eda con aspiraciones de superaci\u00f3n.<\/p>\n<p>\u00bb \u2026..Queremos polic\u00edas emp\u00e1ticos, que sigan transformando entornos \u00ab, se\u00f1al\u00f3\u00a0<strong>Leo Monta\u00f1ez.<\/strong><\/p>\n<p>Cabe destacar que el Curso de Formaci\u00f3n Inicial, cuenta con el reconocimiento y aval del Secretariado Ejecutivo del Sistema Nacional de Seguridad P\u00fablica, por lo que la formaci\u00f3n de los egresados est\u00e1 reconocida a nivel nacional.<\/p>\n<p>El titular de la Secretar\u00eda de Seguridad P\u00fablica del Municipio de Aguascalientes,\u00a0<strong>Gonzalo P\u00e9rez Z\u00fa\u00f1iga<\/strong>, reconoci\u00f3 a los egresados por el empe\u00f1o y la dedicaci\u00f3n con que se formaron para proteger y cuidar de la ciudadan\u00eda con paso firme y valiente. En ese sentido reiter\u00f3 que la corporaci\u00f3n les respaldar\u00e1 con capacitaci\u00f3n constante para ser mejores cada d\u00eda y servir a Aguascalientes con profesionalismo.<\/p>\n<p>La regidora presidenta de la Comisi\u00f3n de Seguridad P\u00fablica y Protecci\u00f3n Civil en el Ayuntamiento de Aguascalientes,\u00a0<strong>Karla Arely Espinoza Esparza<\/strong>, habl\u00f3 a los cadetes graduados del compromiso que adoptan con valent\u00eda y que cuenta con el apoyo de sus familias para proteger la vida, la tranquilidad y la seguridad de la poblaci\u00f3n. Resalt\u00f3 adem\u00e1s el trabajo coordinado y el respaldo en profesionalizaci\u00f3n para alcanzar un mejor desempe\u00f1o de la corporaci\u00f3n.<\/p>\n<p>A nombre de las generaciones egresadas,\u00a0<strong>Jos\u00e9 Joel Mart\u00ednez Cata\u00f1o<\/strong>, habl\u00f3 del honor de culminar esta significativa etapa que es el paso a asumir una responsabilidad trascendental que \u00e9l y sus compa\u00f1eros despu\u00e9s de largas horas de preparaci\u00f3n, cansancio y sacrificio llevar\u00e1n a cabo con emoci\u00f3n, coordinaci\u00f3n y disciplina para portar con orgullo el uniforme y cumplir con el deber de velar por la seguridad.<\/p>\n<p>Se cont\u00f3 con la presencia a la ceremonia de graduaci\u00f3n efectuada en las instalaciones del Museo Descubre, de integrantes del H. Ayuntamiento de Aguascalientes;\u00a0<strong>Jose Antonio Orta \u00c1lvarez<\/strong>, vicesfiscal de Investigaci\u00f3n del Delito de la Fiscal\u00eda del Estado de Aguascalientes; Coronel de Infanter\u00eda\u00a0<strong>Rodrigo Medina Miranda<\/strong>, representante de la XIV Zona Militar; Coronel de la Guardia Nacional,\u00a0<strong>Oscar Celis Romero<\/strong>, en representaci\u00f3n del coordinador estatal de la Guardia Nacional; el secretario de Seguridad P\u00fablica Estatal,\u00a0<strong>Antonio Mart\u00ednez Romo<\/strong>;\u00a0<strong>Karla Isabel Martorell Moya<\/strong>, presidenta de la Mesa Ciudadana de Seguridad;\u00a0<strong>Mauricio de la Serna Hern\u00e1ndez<\/strong>, secretario ejecutivo del Sistema Estatal de Seguridad P\u00fablica del estado de Aguascalientes; la directora del Instituto Superior en Seguridad P\u00fablica,\u00a0<strong>Pamela Soria Armengol<\/strong>\u00a0e integrantes\u00a0de las generaciones 25, 26, 27, 28, 29, 30, 31, 32, 33, 34, 35, 212 nuevos integrantes que forman parte de la corporaci\u00f3n capitalina, pertenecientes a los diferentes grupos especiales de la Polic\u00eda Municipal.<\/p>\n","protected":false},"excerpt":{"rendered":"<p>#novaradioaguascalientes #informativoelvalledeaguascalientesll #Aguascalientes &nbsp; En la graduaci\u00f3n de las generaciones 36, 37 y 38 del Instituto Superior en Seguridad P\u00fablica, refrend\u00f3 el compromiso de reforzar el entorno seguro y la paz social &nbsp; En el marco de su primer informe, el presidente municipal,\u00a0Leo Monta\u00f1ez, encabez\u00f3 la ceremonia de graduaci\u00f3n de las Generaciones 36, 37 y [&hellip;]<\/p>\n","protected":false},"author":1,"featured_media":79900,"comment_status":"closed","ping_status":"open","sticky":false,"template":"","format":"standard","meta":{"advanced_seo_description":"","jetpack_seo_html_title":"","jetpack_seo_noindex":false,"_jetpack_memberships_contains_paid_content":false,"footnotes":"","jetpack_publicize_message":"","jetpack_publicize_feature_enabled":true,"jetpack_social_post_already_shared":true,"jetpack_social_options":{"image_generator_settings":{"template":"highway","default_image_id":0,"font":"","enabled":false},"version":2}},"categories":[21,3],"tags":[22,25,116],"class_list":["post-79899","post","type-post","status-publish","format-standard","has-post-thumbnail","hentry","category-aguascalientes","category-municipio-aguascalientes","tag-aguascalientes","tag-mpio-aguascalientes","tag-mpio-aguascalientes-sspm"],"jetpack_publicize_connections":[],"jetpack_featured_media_url":"https:\/\/i0.wp.com\/informativoelvalledeaguascalientes.online\/wp-content\/uploads\/2025\/11\/IMG_20251127_448431.jpg?fit=2048%2C1383&ssl=1","jetpack-related-posts":[],"jetpack_sharing_enabled":true,"jetpack_likes_enabled":true,"_links":{"self":[{"href":"https:\/\/informativoelvalledeaguascalientes.online\/index.php?rest_route=\/wp\/v2\/posts\/79899","targetHints":{"allow":["GET"]}}],"collection":[{"href":"https:\/\/informativoelvalledeaguascalientes.online\/index.php?rest_route=\/wp\/v2\/posts"}],"about":[{"href":"https:\/\/informativoelvalledeaguascalientes.online\/index.php?rest_route=\/wp\/v2\/types\/post"}],"author":[{"embeddable":true,"href":"https:\/\/informativoelvalledeaguascalientes.online\/index.php?rest_route=\/wp\/v2\/users\/1"}],"replies":[{"embeddable":true,"href":"https:\/\/informativoelvalledeaguascalientes.online\/index.php?rest_route=%2Fwp%2Fv2%2Fcomments&post=79899"}],"version-history":[{"count":1,"href":"https:\/\/informativoelvalledeaguascalientes.online\/index.php?rest_route=\/wp\/v2\/posts\/79899\/revisions"}],"predecessor-version":[{"id":79901,"href":"https:\/\/informativoelvalledeaguascalientes.online\/index.php?rest_route=\/wp\/v2\/posts\/79899\/revisions\/79901"}],"wp:featuredmedia":[{"embeddable":true,"href":"https:\/\/informativoelvalledeaguascalientes.online\/index.php?rest_route=\/wp\/v2\/media\/79900"}],"wp:attachment":[{"href":"https:\/\/informativoelvalledeaguascalientes.online\/index.php?rest_route=%2Fwp%2Fv2%2Fmedia&parent=79899"}],"wp:term":[{"taxonomy":"category","embeddable":true,"href":"https:\/\/informativoelvalledeaguascalientes.online\/index.php?rest_route=%2Fwp%2Fv2%2Fcategories&post=79899"},{"taxonomy":"post_tag","embeddable":true,"href":"https:\/\/informativoelvalledeaguascalientes.online\/index.php?rest_route=%2Fwp%2Fv2%2Ftags&post=79899"}],"curies":[{"name":"wp","href":"https:\/\/api.w.org\/{rel}","templated":true}]}}