{"id":79885,"date":"2025-11-26T23:11:22","date_gmt":"2025-11-27T05:11:22","guid":{"rendered":"https:\/\/informativoelvalledeaguascalientes.online\/?p=79885"},"modified":"2025-11-26T23:11:22","modified_gmt":"2025-11-27T05:11:22","slug":"rotundo-exito-el-parlamento-infantil-2025-ana-gomez-presidenta-de-la-comision-de-reglamentos-y-practicas-parlamentarias","status":"publish","type":"post","link":"https:\/\/informativoelvalledeaguascalientes.online\/?p=79885","title":{"rendered":"ROTUNDO \u00c9XITO EL PARLAMENTO INFANTIL 2025: ANA G\u00d3MEZ, PRESIDENTA DE LA COMISI\u00d3N DE REGLAMENTOS Y PR\u00c1CTICAS PARLAMENTARIAS"},"content":{"rendered":"<p class=\"p1\">#novaradioaguascalientes #informativoelvalledeaguascalientesll #Aguascalientes<\/p>\n<p>&nbsp;<\/p>\n<p class=\"p1\">\n<p class=\"p1\">\u2022\u2060<span class=\"Apple-converted-space\">\u00a0 <\/span>\u2060El Parlamento Infantil 2025 reafirma el compromiso del Poder Legislativo y con la educaci\u00f3n c\u00edvica, la igualdad y la participaci\u00f3n temprana de la ni\u00f1ez.<\/p>\n<p class=\"p1\">\u2022\u2060<span class=\"Apple-converted-space\">\u00a0 <\/span>\u2060\u2060El ejercicio fue realizado a trav\u00e9s de Reglamentos y Pr\u00e1cticas Parlamentarias, Comisi\u00f3n que la diputada Ana G\u00f3mez preside.<\/p>\n<p>&nbsp;<\/p>\n<p class=\"p1\">La diputada de Morena Ana G\u00f3mez celebr\u00f3 el \u00e9xito de la edici\u00f3n 2025 del Parlamento Infantil, realizado en el H. Congreso del Estado de Aguascalientes, a trav\u00e9s de la Comisi\u00f3n de Reglamentos y Pr\u00e1cticas Parlamentarias, donde 27 ni\u00f1as y ni\u00f1os de escuelas p\u00fablicas y privadas participaron como diputadas y diputados infantiles para debatir y presentar propuestas en materia de derechos humanos, educaci\u00f3n, medio ambiente y seguridad.<\/p>\n<p class=\"p1\">La legisladora destac\u00f3 que este ejercicio es \u201cfundamental para fortalecer la vida democr\u00e1tica del estado y para ense\u00f1ar a las nuevas generaciones que su voz importa y construye futuro\u201d. Asimismo, subray\u00f3 que el Parlamento Infantil \u201cno es un acto simb\u00f3lico, sino una verdadera escuela de participaci\u00f3n ciudadana, donde las ni\u00f1as y los ni\u00f1os experimentan lo que significa dialogar, legislar y alcanzar consensos\u201d.<\/p>\n<p class=\"p1\">Durante la jornada, las y los participantes vivieron la experiencia completa de la vida parlamentaria al integrar comisiones ordinarias, analizar y redactar propuestas, presentar argumentos en el Pleno Legislativo, elegir mediante insaculaci\u00f3n a la Mesa Directiva Infantil y ejercer su derecho a la palabra y al voto en un ambiente democr\u00e1tico y abierto.<\/p>\n<p class=\"p1\">Como parte de las actividades complementarias, las y los menores participaron en la din\u00e1mica art\u00edstica \u201cDrink Art\u201d, donde cada ni\u00f1a y ni\u00f1o elabor\u00f3 una pintura de s\u00ed mismo como legislador o legisladora. Dicho ejercicio reforz\u00f3 la identidad ciudadana, la creatividad y el orgullo de asumirse como protagonistas del cambio social.<\/p>\n<p class=\"p1\">\u201cCuando vemos a las ni\u00f1as y los ni\u00f1os ocupar el Pleno con tanta seriedad y entusiasmo, nos queda claro que la democracia tiene futuro. Este Parlamento demuestra que nuestra ni\u00f1ez est\u00e1 lista para imaginar y construir un Aguascalientes m\u00e1s justo, m\u00e1s inclusivo y m\u00e1s seguro\u201d, afirm\u00f3 la diputada Ana G\u00f3mez.<\/p>\n<p class=\"p1\">Las obras realizadas reflejaron el compromiso emocional y c\u00edvico de las y los participantes, integrando la expresi\u00f3n cultural con la formaci\u00f3n ciudadana. El Congreso destac\u00f3 que estos espacios fortalecen la confianza de las nuevas generaciones en los procesos democr\u00e1ticos.<\/p>\n<p class=\"p1\">El Parlamento Infantil 2025 reafirma el compromiso del Poder Legislativo y de la diputada Ana G\u00f3mez con la educaci\u00f3n c\u00edvica, la igualdad y la participaci\u00f3n temprana de la ni\u00f1ez.<\/p>\n","protected":false},"excerpt":{"rendered":"<p>#novaradioaguascalientes #informativoelvalledeaguascalientesll #Aguascalientes &nbsp; \u2022\u2060\u00a0 \u2060El Parlamento Infantil 2025 reafirma el compromiso del Poder Legislativo y con la educaci\u00f3n c\u00edvica, la igualdad y la participaci\u00f3n temprana de la ni\u00f1ez. \u2022\u2060\u00a0 \u2060\u2060El ejercicio fue realizado a trav\u00e9s de Reglamentos y Pr\u00e1cticas Parlamentarias, Comisi\u00f3n que la diputada Ana G\u00f3mez preside. &nbsp; La diputada de Morena Ana G\u00f3mez [&hellip;]<\/p>\n","protected":false},"author":1,"featured_media":79887,"comment_status":"closed","ping_status":"open","sticky":false,"template":"","format":"standard","meta":{"advanced_seo_description":"","jetpack_seo_html_title":"","jetpack_seo_noindex":false,"_jetpack_memberships_contains_paid_content":false,"footnotes":"","jetpack_publicize_message":"","jetpack_publicize_feature_enabled":true,"jetpack_social_post_already_shared":true,"jetpack_social_options":{"image_generator_settings":{"template":"highway","default_image_id":0,"font":"","enabled":false},"version":2}},"categories":[21,5],"tags":[22,872],"class_list":["post-79885","post","type-post","status-publish","format-standard","has-post-thumbnail","hentry","category-aguascalientes","category-h-congreso-del-estado-aguascalientes","tag-aguascalientes","tag-lxvi-legislatura-aguascalientes"],"jetpack_publicize_connections":[],"jetpack_featured_media_url":"https:\/\/i0.wp.com\/informativoelvalledeaguascalientes.online\/wp-content\/uploads\/2025\/11\/DSC_5766.jpg?fit=899%2C585&ssl=1","jetpack-related-posts":[],"jetpack_sharing_enabled":true,"jetpack_likes_enabled":true,"_links":{"self":[{"href":"https:\/\/informativoelvalledeaguascalientes.online\/index.php?rest_route=\/wp\/v2\/posts\/79885","targetHints":{"allow":["GET"]}}],"collection":[{"href":"https:\/\/informativoelvalledeaguascalientes.online\/index.php?rest_route=\/wp\/v2\/posts"}],"about":[{"href":"https:\/\/informativoelvalledeaguascalientes.online\/index.php?rest_route=\/wp\/v2\/types\/post"}],"author":[{"embeddable":true,"href":"https:\/\/informativoelvalledeaguascalientes.online\/index.php?rest_route=\/wp\/v2\/users\/1"}],"replies":[{"embeddable":true,"href":"https:\/\/informativoelvalledeaguascalientes.online\/index.php?rest_route=%2Fwp%2Fv2%2Fcomments&post=79885"}],"version-history":[{"count":1,"href":"https:\/\/informativoelvalledeaguascalientes.online\/index.php?rest_route=\/wp\/v2\/posts\/79885\/revisions"}],"predecessor-version":[{"id":79888,"href":"https:\/\/informativoelvalledeaguascalientes.online\/index.php?rest_route=\/wp\/v2\/posts\/79885\/revisions\/79888"}],"wp:featuredmedia":[{"embeddable":true,"href":"https:\/\/informativoelvalledeaguascalientes.online\/index.php?rest_route=\/wp\/v2\/media\/79887"}],"wp:attachment":[{"href":"https:\/\/informativoelvalledeaguascalientes.online\/index.php?rest_route=%2Fwp%2Fv2%2Fmedia&parent=79885"}],"wp:term":[{"taxonomy":"category","embeddable":true,"href":"https:\/\/informativoelvalledeaguascalientes.online\/index.php?rest_route=%2Fwp%2Fv2%2Fcategories&post=79885"},{"taxonomy":"post_tag","embeddable":true,"href":"https:\/\/informativoelvalledeaguascalientes.online\/index.php?rest_route=%2Fwp%2Fv2%2Ftags&post=79885"}],"curies":[{"name":"wp","href":"https:\/\/api.w.org\/{rel}","templated":true}]}}