{"id":79882,"date":"2025-11-26T22:51:18","date_gmt":"2025-11-27T04:51:18","guid":{"rendered":"https:\/\/informativoelvalledeaguascalientes.online\/?p=79882"},"modified":"2025-11-26T22:51:18","modified_gmt":"2025-11-27T04:51:18","slug":"celebramos-con-orgullo-el-13o-aniversario-del-nombramiento-de-calvillo-como-pueblo-magico","status":"publish","type":"post","link":"https:\/\/informativoelvalledeaguascalientes.online\/?p=79882","title":{"rendered":"Celebramos con orgullo el 13\u00ba aniversario del nombramiento de Calvillo como Pueblo M\u00e1gico"},"content":{"rendered":"<p class=\"p1\">#novaradioaguascalientes #informativoelvalledeaguascalientesll #Aguascalientes<\/p>\n<p>&nbsp;<\/p>\n<p>Hoy celebramos con orgullo el 13\u00ba aniversario del nombramiento de Calvillo como Pueblo M\u00e1gico, un reconocimiento que no solo distingue nuestra historia, cultura y tradiciones, sino que tambi\u00e9n honra el esp\u00edritu de nuestra gente: trabajadores, emprendedores, artistas, productores y familias que todos los d\u00edas hacen de esta tierra un lugar lleno de identidad y calidez.<\/p>\n<p>\u00a1Felicidades, #CalvilloPuebloM\u00e1gico!<\/p>\n<p>#LegadoParaMiGente<\/p>\n","protected":false},"excerpt":{"rendered":"<p>#novaradioaguascalientes #informativoelvalledeaguascalientesll #Aguascalientes &nbsp; Hoy celebramos con orgullo el 13\u00ba aniversario del nombramiento de Calvillo como Pueblo M\u00e1gico, un reconocimiento que no solo distingue nuestra historia, cultura y tradiciones, sino que tambi\u00e9n honra el esp\u00edritu de nuestra gente: trabajadores, emprendedores, artistas, productores y familias que todos los d\u00edas hacen de esta tierra un lugar lleno [&hellip;]<\/p>\n","protected":false},"author":1,"featured_media":79883,"comment_status":"closed","ping_status":"open","sticky":false,"template":"","format":"standard","meta":{"advanced_seo_description":"","jetpack_seo_html_title":"","jetpack_seo_noindex":false,"_jetpack_memberships_contains_paid_content":false,"footnotes":"","jetpack_publicize_message":"","jetpack_publicize_feature_enabled":true,"jetpack_social_post_already_shared":true,"jetpack_social_options":{"image_generator_settings":{"template":"highway","default_image_id":0,"font":"","enabled":false},"version":2}},"categories":[21,13],"tags":[22,88,29],"class_list":["post-79882","post","type-post","status-publish","format-standard","has-post-thumbnail","hentry","category-aguascalientes","category-calvillo-aguascalientes","tag-aguascalientes","tag-calvillo","tag-calvillo-aguascalientes"],"jetpack_publicize_connections":[],"jetpack_featured_media_url":"https:\/\/i0.wp.com\/informativoelvalledeaguascalientes.online\/wp-content\/uploads\/2025\/11\/calvillo-aniversario-13.jpg?fit=1440%2C1440&ssl=1","jetpack-related-posts":[],"jetpack_sharing_enabled":true,"jetpack_likes_enabled":true,"_links":{"self":[{"href":"https:\/\/informativoelvalledeaguascalientes.online\/index.php?rest_route=\/wp\/v2\/posts\/79882","targetHints":{"allow":["GET"]}}],"collection":[{"href":"https:\/\/informativoelvalledeaguascalientes.online\/index.php?rest_route=\/wp\/v2\/posts"}],"about":[{"href":"https:\/\/informativoelvalledeaguascalientes.online\/index.php?rest_route=\/wp\/v2\/types\/post"}],"author":[{"embeddable":true,"href":"https:\/\/informativoelvalledeaguascalientes.online\/index.php?rest_route=\/wp\/v2\/users\/1"}],"replies":[{"embeddable":true,"href":"https:\/\/informativoelvalledeaguascalientes.online\/index.php?rest_route=%2Fwp%2Fv2%2Fcomments&post=79882"}],"version-history":[{"count":1,"href":"https:\/\/informativoelvalledeaguascalientes.online\/index.php?rest_route=\/wp\/v2\/posts\/79882\/revisions"}],"predecessor-version":[{"id":79884,"href":"https:\/\/informativoelvalledeaguascalientes.online\/index.php?rest_route=\/wp\/v2\/posts\/79882\/revisions\/79884"}],"wp:featuredmedia":[{"embeddable":true,"href":"https:\/\/informativoelvalledeaguascalientes.online\/index.php?rest_route=\/wp\/v2\/media\/79883"}],"wp:attachment":[{"href":"https:\/\/informativoelvalledeaguascalientes.online\/index.php?rest_route=%2Fwp%2Fv2%2Fmedia&parent=79882"}],"wp:term":[{"taxonomy":"category","embeddable":true,"href":"https:\/\/informativoelvalledeaguascalientes.online\/index.php?rest_route=%2Fwp%2Fv2%2Fcategories&post=79882"},{"taxonomy":"post_tag","embeddable":true,"href":"https:\/\/informativoelvalledeaguascalientes.online\/index.php?rest_route=%2Fwp%2Fv2%2Ftags&post=79882"}],"curies":[{"name":"wp","href":"https:\/\/api.w.org\/{rel}","templated":true}]}}