{"id":79867,"date":"2025-11-26T20:36:16","date_gmt":"2025-11-27T02:36:16","guid":{"rendered":"https:\/\/informativoelvalledeaguascalientes.online\/?p=79867"},"modified":"2025-11-26T20:36:16","modified_gmt":"2025-11-27T02:36:16","slug":"como-parte-de-los-16-dias-de-activismo-contra-la-violencia-hacia-las-mujeres-salimos-a-las-calles-de-aguascalientes-para-difundir-la-campana-te-quiero-segura","status":"publish","type":"post","link":"https:\/\/informativoelvalledeaguascalientes.online\/?p=79867","title":{"rendered":"Como parte de los 16 d\u00edas de activismo contra la violencia hacia las mujeres, salimos a las calles de Aguascalientes para difundir la campa\u00f1a \u201cTe Quiero Segura\u201d."},"content":{"rendered":"<p class=\"p1\">#novaradioaguascalientes #informativoelvalledeaguascalientesll #Aguascalientes<\/p>\n<p>&nbsp;<\/p>\n<p>A trav\u00e9s de la entrega de informaci\u00f3n y calcoman\u00edas, reforzamos el compromiso de que todas las mujeres merecen vivir seguras.<\/p>\n<p>\u00a1Agradecemos a todas las personas que se sumaron!<\/p>\n<p>#TeQuieroSegura<br \/>\n#ElGiganteDeM\u00e9xico<\/p>\n","protected":false},"excerpt":{"rendered":"<p>#novaradioaguascalientes #informativoelvalledeaguascalientesll #Aguascalientes &nbsp; A trav\u00e9s de la entrega de informaci\u00f3n y calcoman\u00edas, reforzamos el compromiso de que todas las mujeres merecen vivir seguras. \u00a1Agradecemos a todas las personas que se sumaron! #TeQuieroSegura #ElGiganteDeM\u00e9xico<\/p>\n","protected":false},"author":1,"featured_media":79868,"comment_status":"closed","ping_status":"open","sticky":false,"template":"","format":"standard","meta":{"advanced_seo_description":"","jetpack_seo_html_title":"","jetpack_seo_noindex":false,"_jetpack_memberships_contains_paid_content":false,"footnotes":"","jetpack_publicize_message":"","jetpack_publicize_feature_enabled":true,"jetpack_social_post_already_shared":true,"jetpack_social_options":{"image_generator_settings":{"template":"highway","default_image_id":0,"font":"","enabled":false},"version":2}},"categories":[21,4],"tags":[22,615],"class_list":["post-79867","post","type-post","status-publish","format-standard","has-post-thumbnail","hentry","category-aguascalientes","category-gobierno-del-estado-aguascalientes","tag-aguascalientes","tag-gobierno-del-estado-de-aguascalientes"],"jetpack_publicize_connections":[],"jetpack_featured_media_url":"https:\/\/i0.wp.com\/informativoelvalledeaguascalientes.online\/wp-content\/uploads\/2025\/11\/597d0fa6-1d2e-40c1-881b-0a631396b690-scaled.jpg?fit=2560%2C1440&ssl=1","jetpack-related-posts":[],"jetpack_sharing_enabled":true,"jetpack_likes_enabled":true,"_links":{"self":[{"href":"https:\/\/informativoelvalledeaguascalientes.online\/index.php?rest_route=\/wp\/v2\/posts\/79867","targetHints":{"allow":["GET"]}}],"collection":[{"href":"https:\/\/informativoelvalledeaguascalientes.online\/index.php?rest_route=\/wp\/v2\/posts"}],"about":[{"href":"https:\/\/informativoelvalledeaguascalientes.online\/index.php?rest_route=\/wp\/v2\/types\/post"}],"author":[{"embeddable":true,"href":"https:\/\/informativoelvalledeaguascalientes.online\/index.php?rest_route=\/wp\/v2\/users\/1"}],"replies":[{"embeddable":true,"href":"https:\/\/informativoelvalledeaguascalientes.online\/index.php?rest_route=%2Fwp%2Fv2%2Fcomments&post=79867"}],"version-history":[{"count":1,"href":"https:\/\/informativoelvalledeaguascalientes.online\/index.php?rest_route=\/wp\/v2\/posts\/79867\/revisions"}],"predecessor-version":[{"id":79869,"href":"https:\/\/informativoelvalledeaguascalientes.online\/index.php?rest_route=\/wp\/v2\/posts\/79867\/revisions\/79869"}],"wp:featuredmedia":[{"embeddable":true,"href":"https:\/\/informativoelvalledeaguascalientes.online\/index.php?rest_route=\/wp\/v2\/media\/79868"}],"wp:attachment":[{"href":"https:\/\/informativoelvalledeaguascalientes.online\/index.php?rest_route=%2Fwp%2Fv2%2Fmedia&parent=79867"}],"wp:term":[{"taxonomy":"category","embeddable":true,"href":"https:\/\/informativoelvalledeaguascalientes.online\/index.php?rest_route=%2Fwp%2Fv2%2Fcategories&post=79867"},{"taxonomy":"post_tag","embeddable":true,"href":"https:\/\/informativoelvalledeaguascalientes.online\/index.php?rest_route=%2Fwp%2Fv2%2Ftags&post=79867"}],"curies":[{"name":"wp","href":"https:\/\/api.w.org\/{rel}","templated":true}]}}