{"id":79860,"date":"2025-11-26T20:21:49","date_gmt":"2025-11-27T02:21:49","guid":{"rendered":"https:\/\/informativoelvalledeaguascalientes.online\/?p=79860"},"modified":"2025-11-26T20:21:49","modified_gmt":"2025-11-27T02:21:49","slug":"aguascalientes-reunira-a-las-principales-agencias-de-seguridad-del-mundo","status":"publish","type":"post","link":"https:\/\/informativoelvalledeaguascalientes.online\/?p=79860","title":{"rendered":"AGUASCALIENTES REUNIR\u00c1 A LAS PRINCIPALES AGENCIAS DE SEGURIDAD DEL MUNDO"},"content":{"rendered":"<p class=\"p1\">#novaradioaguascalientes #informativoelvalledeaguascalientesll #Aguascalientes<\/p>\n<p>&nbsp;<\/p>\n<p>&nbsp;<\/p>\n<p>* Tambi\u00e9n a expertos internacionales provenientes de Italia, Espa\u00f1a, India, El Salvador, Brasil, Chile y Colombia<br \/>\n* Este evento posiciona a Aguascalientes como un referente en materia de seguridad y profesionalizaci\u00f3n policial a nivel nacional e internacional<br \/>\n* El encuentro se realizar\u00e1 los d\u00edas 4, 5 y 6 de diciembre en las instalaciones del Tec de Monterrey; inscripciones en https:\/\/n9.cl\/lyls2<\/p>\n<p>Del 4 al 6 de diciembre, Aguascalientes ser\u00e1 sede del Tercer Foro Internacional de Seguridad y Justicia, uno de los encuentros m\u00e1s importantes en materia de procuraci\u00f3n de justicia, investigaci\u00f3n criminal y seguridad p\u00fablica en el continente.<\/p>\n<p>El evento reunir\u00e1 a especialistas y a las cinco agencias de seguridad m\u00e1s relevantes de los Estados Unidos: el Federal Bureau of Investigation (FBI), la Drug Enforcement Administration (DEA), la Bureau of Alcohol, Tobacco, Firearms and Explosives (ATF), el Servicio de Alguaciles de Estados Unidos (U.S. Marshals Service) y el Departamento de Seguridad Nacional (DHS).<\/p>\n<p>En un esfuerzo sin precedentes, tambi\u00e9n se contar\u00e1 con expertos internacionales provenientes de Italia, Espa\u00f1a, India, El Salvador, Brasil, Chile y Colombia, quienes compartir\u00e1n experiencias, metodolog\u00edas y estrategias exitosas en materia de investigaci\u00f3n, prevenci\u00f3n del delito, inteligencia operativa y persecuci\u00f3n criminal.<\/p>\n<p>La realizaci\u00f3n de este foro posiciona a Aguascalientes como un referente en materia de seguridad y profesionalizaci\u00f3n policial a nivel nacional e internacional, al consolidarse como un punto estrat\u00e9gico para el an\u00e1lisis, el di\u00e1logo, la capacitaci\u00f3n y la cooperaci\u00f3n entre instituciones de seguridad y justicia.<\/p>\n<p>La organizaci\u00f3n de este evento en Aguascalientes se deriva del compromiso que mantiene la gobernadora Tere Jim\u00e9nez con la paz y la tranquilidad del estado, as\u00ed como de las s\u00f3lidas relaciones de colaboraci\u00f3n que ha constru\u00eddo con organismos internacionales.<\/p>\n<p>Las actividades del Tercer Foro Internacional de Seguridad y Justicia se llevar\u00e1n a cabo los d\u00edas 4, 5 y 6 de diciembre en las instalaciones del Instituto Tecnol\u00f3gico de Monterrey, campus Aguascalientes, con la participaci\u00f3n de integrantes de corporaciones de seguridad de todo el pa\u00eds, quienes tendr\u00e1n la oportunidad de fortalecer sus conocimientos, capacidades t\u00e9cnicas y habilidades operativas a trav\u00e9s de conferencias magistrales, paneles especializados y talleres de actualizaci\u00f3n,<\/p>\n<p>Las y los interesados en asistir podr\u00e1n registrarse en l\u00ednea a trav\u00e9s del siguiente enlace: https:\/\/forointernacionaldeseguridadyjusticia.c5ags.gob.mx\/Evento\/RegistroConferencia<\/p>\n<p>Este foro representa una oportunidad hist\u00f3rica para que las y los integrantes de las corporaciones de seguridad de M\u00e9xico accedan directamente a las mejores pr\u00e1cticas y est\u00e1ndares internacionales en investigaci\u00f3n, inteligencia, an\u00e1lisis criminal y combate a la delincuencia.<\/p>\n","protected":false},"excerpt":{"rendered":"<p>#novaradioaguascalientes #informativoelvalledeaguascalientesll #Aguascalientes &nbsp; &nbsp; * Tambi\u00e9n a expertos internacionales provenientes de Italia, Espa\u00f1a, India, El Salvador, Brasil, Chile y Colombia * Este evento posiciona a Aguascalientes como un referente en materia de seguridad y profesionalizaci\u00f3n policial a nivel nacional e internacional * El encuentro se realizar\u00e1 los d\u00edas 4, 5 y 6 de diciembre [&hellip;]<\/p>\n","protected":false},"author":1,"featured_media":79861,"comment_status":"closed","ping_status":"open","sticky":false,"template":"","format":"standard","meta":{"advanced_seo_description":"","jetpack_seo_html_title":"","jetpack_seo_noindex":false,"_jetpack_memberships_contains_paid_content":false,"footnotes":"","jetpack_publicize_message":"","jetpack_publicize_feature_enabled":true,"jetpack_social_post_already_shared":true,"jetpack_social_options":{"image_generator_settings":{"template":"highway","default_image_id":0,"font":"","enabled":false},"version":2}},"categories":[21,4],"tags":[22,615,122,320],"class_list":["post-79860","post","type-post","status-publish","format-standard","has-post-thumbnail","hentry","category-aguascalientes","category-gobierno-del-estado-aguascalientes","tag-aguascalientes","tag-gobierno-del-estado-de-aguascalientes","tag-sspe-aguascalientes","tag-tere-jimenez"],"jetpack_publicize_connections":[],"jetpack_featured_media_url":"https:\/\/i0.wp.com\/informativoelvalledeaguascalientes.online\/wp-content\/uploads\/2025\/11\/0631b1da-676c-4d53-81ab-9594295601b7.jpg?fit=1600%2C1066&ssl=1","jetpack-related-posts":[],"jetpack_sharing_enabled":true,"jetpack_likes_enabled":true,"_links":{"self":[{"href":"https:\/\/informativoelvalledeaguascalientes.online\/index.php?rest_route=\/wp\/v2\/posts\/79860","targetHints":{"allow":["GET"]}}],"collection":[{"href":"https:\/\/informativoelvalledeaguascalientes.online\/index.php?rest_route=\/wp\/v2\/posts"}],"about":[{"href":"https:\/\/informativoelvalledeaguascalientes.online\/index.php?rest_route=\/wp\/v2\/types\/post"}],"author":[{"embeddable":true,"href":"https:\/\/informativoelvalledeaguascalientes.online\/index.php?rest_route=\/wp\/v2\/users\/1"}],"replies":[{"embeddable":true,"href":"https:\/\/informativoelvalledeaguascalientes.online\/index.php?rest_route=%2Fwp%2Fv2%2Fcomments&post=79860"}],"version-history":[{"count":1,"href":"https:\/\/informativoelvalledeaguascalientes.online\/index.php?rest_route=\/wp\/v2\/posts\/79860\/revisions"}],"predecessor-version":[{"id":79862,"href":"https:\/\/informativoelvalledeaguascalientes.online\/index.php?rest_route=\/wp\/v2\/posts\/79860\/revisions\/79862"}],"wp:featuredmedia":[{"embeddable":true,"href":"https:\/\/informativoelvalledeaguascalientes.online\/index.php?rest_route=\/wp\/v2\/media\/79861"}],"wp:attachment":[{"href":"https:\/\/informativoelvalledeaguascalientes.online\/index.php?rest_route=%2Fwp%2Fv2%2Fmedia&parent=79860"}],"wp:term":[{"taxonomy":"category","embeddable":true,"href":"https:\/\/informativoelvalledeaguascalientes.online\/index.php?rest_route=%2Fwp%2Fv2%2Fcategories&post=79860"},{"taxonomy":"post_tag","embeddable":true,"href":"https:\/\/informativoelvalledeaguascalientes.online\/index.php?rest_route=%2Fwp%2Fv2%2Ftags&post=79860"}],"curies":[{"name":"wp","href":"https:\/\/api.w.org\/{rel}","templated":true}]}}