{"id":79825,"date":"2025-11-26T16:31:12","date_gmt":"2025-11-26T22:31:12","guid":{"rendered":"https:\/\/informativoelvalledeaguascalientes.online\/?p=79825"},"modified":"2025-11-26T16:31:12","modified_gmt":"2025-11-26T22:31:12","slug":"jesus-maria-concluye-ciclo-anual-de-charlas-para-prevenir-la-violencia-contra-las-mujeres","status":"publish","type":"post","link":"https:\/\/informativoelvalledeaguascalientes.online\/?p=79825","title":{"rendered":"JES\u00daS MAR\u00cdA CONCLUYE CICLO ANUAL DE CHARLAS PARA PREVENIR LA VIOLENCIA CONTRA LAS MUJERES"},"content":{"rendered":"<p class=\"p1\">#novaradioaguascalientes #informativoelvalledeaguascalientesll #Aguascalientes<\/p>\n<p>&nbsp;<\/p>\n<p>&nbsp;<\/p>\n<p>\u2022 El Gobierno Municipal continuar\u00e1 generando espacios de reflexi\u00f3n y orientaci\u00f3n<\/p>\n<p>\u2022 La Instancia de la Mujer ofrece orientaci\u00f3n jur\u00eddica, atenci\u00f3n psicol\u00f3gica y acompa\u00f1amiento especializado.<\/p>\n<p>&nbsp;<\/p>\n<p>En el marco del D\u00eda Internacional para la Eliminaci\u00f3n de la Violencia contra las Mujeres y Ni\u00f1as, el Gobierno Municipal de Jes\u00fas Mar\u00eda llev\u00f3 a cabo el evento de clausura del ciclo de conferencias que, durante todo el a\u00f1o, se realizaron el d\u00eda 25 de cada mes como parte de la estrategia permanente de prevenci\u00f3n impulsada por la Instancia de la Mujer.<\/p>\n<p>Durante el acto, encabezado por el presidente municipal C\u00e9sar Medina y la titular de la Instancia de la Mujer, Patricia Alvarado, se destac\u00f3 la importancia de continuar generando espacios de reflexi\u00f3n, orientaci\u00f3n y acompa\u00f1amiento para la ciudadan\u00eda, con el objetivo de ofrecer herramientas que permitan identificar, prevenir y romper los ciclos de violencia.<\/p>\n<p>En este cierre, se ofreci\u00f3 la charla \u201cViolencia: del da\u00f1o cerebral al cambio de conducta\u201d. La Maestra Guadalupe Florencia Prieto Appendini imparti\u00f3 una conferencia centrada en la comprensi\u00f3n del comportamiento humano, el desarrollo del temperamento y el impacto de la violencia en el ciclo vital. La ponente subray\u00f3 la importancia de la prevenci\u00f3n desde el hogar, el papel de la escuela como espacio de socializaci\u00f3n y la influencia de los medios de comunicaci\u00f3n en la formaci\u00f3n conductual, resaltando que la violencia se aprende, pero tambi\u00e9n puede desaprenderse mediante educaci\u00f3n y conciencia social.<\/p>\n<p>Posteriormente, el Dr. Aurelio L\u00f3pez Morones, explic\u00f3 \u2014desde una perspectiva neurocient\u00edfica\u2014 c\u00f3mo se forman las respuestas impulsivas, el papel de regiones como la am\u00edgdala, el hipocampo y la corteza prefrontal, y la influencia del temperamento, los genes y el ambiente en la conducta violenta. El especialista enfatiz\u00f3 la importancia de la plasticidad cerebral, la intervenci\u00f3n temprana y la b\u00fasqueda de ayuda profesional, recordando que la crianza y la prevenci\u00f3n de la violencia son responsabilidad de toda la sociedad.<\/p>\n<p>Durante su mensaje, el presidente municipal C\u00e9sar Medina reiter\u00f3 que la eliminaci\u00f3n de la violencia requiere un trabajo cotidiano y colectivo, basado en el respeto y la dignidad de todas las personas. Reconoci\u00f3 el esfuerzo sostenido de la Instancia de la Mujer y la participaci\u00f3n de la ciudadan\u00eda en las actividades mensuales que fortalecen la cultura de igualdad en el municipio.<\/p>\n<p>El Gobierno Municipal de Jes\u00fas Mar\u00eda refrenda su compromiso con la protecci\u00f3n y el desarrollo de las mujeres, y hace un llamado a quienes necesiten apoyo a acercarse a la Instancia de la Mujer, donde podr\u00e1n recibir orientaci\u00f3n jur\u00eddica, atenci\u00f3n psicol\u00f3gica y acompa\u00f1amiento especializado.<\/p>\n","protected":false},"excerpt":{"rendered":"<p>#novaradioaguascalientes #informativoelvalledeaguascalientesll #Aguascalientes &nbsp; &nbsp; \u2022 El Gobierno Municipal continuar\u00e1 generando espacios de reflexi\u00f3n y orientaci\u00f3n \u2022 La Instancia de la Mujer ofrece orientaci\u00f3n jur\u00eddica, atenci\u00f3n psicol\u00f3gica y acompa\u00f1amiento especializado. &nbsp; En el marco del D\u00eda Internacional para la Eliminaci\u00f3n de la Violencia contra las Mujeres y Ni\u00f1as, el Gobierno Municipal de Jes\u00fas Mar\u00eda llev\u00f3 [&hellip;]<\/p>\n","protected":false},"author":1,"featured_media":79826,"comment_status":"closed","ping_status":"open","sticky":false,"template":"","format":"standard","meta":{"advanced_seo_description":"","jetpack_seo_html_title":"","jetpack_seo_noindex":false,"_jetpack_memberships_contains_paid_content":false,"footnotes":"","jetpack_publicize_message":"","jetpack_publicize_feature_enabled":true,"jetpack_social_post_already_shared":true,"jetpack_social_options":{"image_generator_settings":{"template":"highway","default_image_id":0,"font":"","enabled":false},"version":2}},"categories":[21,14],"tags":[22,45],"class_list":["post-79825","post","type-post","status-publish","format-standard","has-post-thumbnail","hentry","category-aguascalientes","category-jesus-maria-aguascalientes","tag-aguascalientes","tag-jesus-maria-aguascalientes"],"jetpack_publicize_connections":[],"jetpack_featured_media_url":"https:\/\/i0.wp.com\/informativoelvalledeaguascalientes.online\/wp-content\/uploads\/2025\/11\/93c51a90-c095-4f5b-9874-fa7c4e27e738.jpg?fit=1600%2C1068&ssl=1","jetpack-related-posts":[],"jetpack_sharing_enabled":true,"jetpack_likes_enabled":true,"_links":{"self":[{"href":"https:\/\/informativoelvalledeaguascalientes.online\/index.php?rest_route=\/wp\/v2\/posts\/79825","targetHints":{"allow":["GET"]}}],"collection":[{"href":"https:\/\/informativoelvalledeaguascalientes.online\/index.php?rest_route=\/wp\/v2\/posts"}],"about":[{"href":"https:\/\/informativoelvalledeaguascalientes.online\/index.php?rest_route=\/wp\/v2\/types\/post"}],"author":[{"embeddable":true,"href":"https:\/\/informativoelvalledeaguascalientes.online\/index.php?rest_route=\/wp\/v2\/users\/1"}],"replies":[{"embeddable":true,"href":"https:\/\/informativoelvalledeaguascalientes.online\/index.php?rest_route=%2Fwp%2Fv2%2Fcomments&post=79825"}],"version-history":[{"count":1,"href":"https:\/\/informativoelvalledeaguascalientes.online\/index.php?rest_route=\/wp\/v2\/posts\/79825\/revisions"}],"predecessor-version":[{"id":79827,"href":"https:\/\/informativoelvalledeaguascalientes.online\/index.php?rest_route=\/wp\/v2\/posts\/79825\/revisions\/79827"}],"wp:featuredmedia":[{"embeddable":true,"href":"https:\/\/informativoelvalledeaguascalientes.online\/index.php?rest_route=\/wp\/v2\/media\/79826"}],"wp:attachment":[{"href":"https:\/\/informativoelvalledeaguascalientes.online\/index.php?rest_route=%2Fwp%2Fv2%2Fmedia&parent=79825"}],"wp:term":[{"taxonomy":"category","embeddable":true,"href":"https:\/\/informativoelvalledeaguascalientes.online\/index.php?rest_route=%2Fwp%2Fv2%2Fcategories&post=79825"},{"taxonomy":"post_tag","embeddable":true,"href":"https:\/\/informativoelvalledeaguascalientes.online\/index.php?rest_route=%2Fwp%2Fv2%2Ftags&post=79825"}],"curies":[{"name":"wp","href":"https:\/\/api.w.org\/{rel}","templated":true}]}}