{"id":79453,"date":"2025-11-16T16:45:18","date_gmt":"2025-11-16T22:45:18","guid":{"rendered":"https:\/\/informativoelvalledeaguascalientes.online\/?p=79453"},"modified":"2025-11-16T16:45:18","modified_gmt":"2025-11-16T22:45:18","slug":"judith-calderon-participo-en-el-mundial-de-gimnasia-que-se-esta-desarrollando-en-espana","status":"publish","type":"post","link":"https:\/\/informativoelvalledeaguascalientes.online\/?p=79453","title":{"rendered":"Judith Calder\u00f3n particip\u00f3 en el mundial de gimnasia que se est\u00e1 desarrollando en Espa\u00f1a"},"content":{"rendered":"<p class=\"p1\">#novaradioaguascalientes #informativoelvalledeaguascalientesll #Aguascalientes<\/p>\n<p>&nbsp;<\/p>\n<p>Judith Calder\u00f3n particip\u00f3 en el mundial de gimnasia que se est\u00e1 desarrollando en Espa\u00f1a; la hidroc\u00e1lida culmin\u00f3 en la posici\u00f3n n\u00famero 43 de cerca de 80 participantes que est\u00e1n teniendo actividad. \u00a1Felicidades, Judith! \ud83e\udd29\ud83c\udfc6\ud83c\uddf2\ud83c\uddfd<\/p>\n","protected":false},"excerpt":{"rendered":"<p>#novaradioaguascalientes #informativoelvalledeaguascalientesll #Aguascalientes &nbsp; Judith Calder\u00f3n particip\u00f3 en el mundial de gimnasia que se est\u00e1 desarrollando en Espa\u00f1a; la hidroc\u00e1lida culmin\u00f3 en la posici\u00f3n n\u00famero 43 de cerca de 80 participantes que est\u00e1n teniendo actividad. \u00a1Felicidades, Judith! \ud83e\udd29\ud83c\udfc6\ud83c\uddf2\ud83c\uddfd<\/p>\n","protected":false},"author":1,"featured_media":79454,"comment_status":"closed","ping_status":"open","sticky":false,"template":"","format":"standard","meta":{"_monsterinsights_skip_tracking":false,"advanced_seo_description":"","jetpack_seo_html_title":"","jetpack_seo_noindex":false,"jetpack_seo_schema_type":"","_jetpack_newsletter_access":"","_jetpack_dont_email_post_to_subs":false,"_jetpack_newsletter_tier_id":0,"_jetpack_memberships_contains_paywalled_content":false,"_jetpack_feature_clip_id":0,"_jetpack_memberships_contains_paid_content":false,"footnotes":"","jetpack_publicize_message":"","jetpack_publicize_feature_enabled":true,"jetpack_social_post_already_shared":true,"jetpack_social_options":{"image_generator_settings":{"template":"highway","default_image_id":0,"font":"","enabled":false},"version":2},"jetpack_post_was_ever_published":false},"categories":[21,4],"tags":[22,615,113],"class_list":["post-79453","post","type-post","status-publish","format-standard","has-post-thumbnail","hentry","category-aguascalientes","category-gobierno-del-estado-aguascalientes","tag-aguascalientes","tag-gobierno-del-estado-de-aguascalientes","tag-idea"],"jetpack_publicize_connections":[],"jetpack_featured_media_url":"https:\/\/i0.wp.com\/informativoelvalledeaguascalientes.online\/wp-content\/uploads\/2025\/11\/0786fc0f-92a4-475e-8232-c7901e164644.jpg?fit=960%2C1280&ssl=1","jetpack-related-posts":[],"jetpack_sharing_enabled":true,"jetpack_likes_enabled":true,"_links":{"self":[{"href":"https:\/\/informativoelvalledeaguascalientes.online\/index.php?rest_route=\/wp\/v2\/posts\/79453","targetHints":{"allow":["GET"]}}],"collection":[{"href":"https:\/\/informativoelvalledeaguascalientes.online\/index.php?rest_route=\/wp\/v2\/posts"}],"about":[{"href":"https:\/\/informativoelvalledeaguascalientes.online\/index.php?rest_route=\/wp\/v2\/types\/post"}],"author":[{"embeddable":true,"href":"https:\/\/informativoelvalledeaguascalientes.online\/index.php?rest_route=\/wp\/v2\/users\/1"}],"replies":[{"embeddable":true,"href":"https:\/\/informativoelvalledeaguascalientes.online\/index.php?rest_route=%2Fwp%2Fv2%2Fcomments&post=79453"}],"version-history":[{"count":1,"href":"https:\/\/informativoelvalledeaguascalientes.online\/index.php?rest_route=\/wp\/v2\/posts\/79453\/revisions"}],"predecessor-version":[{"id":79455,"href":"https:\/\/informativoelvalledeaguascalientes.online\/index.php?rest_route=\/wp\/v2\/posts\/79453\/revisions\/79455"}],"wp:featuredmedia":[{"embeddable":true,"href":"https:\/\/informativoelvalledeaguascalientes.online\/index.php?rest_route=\/wp\/v2\/media\/79454"}],"wp:attachment":[{"href":"https:\/\/informativoelvalledeaguascalientes.online\/index.php?rest_route=%2Fwp%2Fv2%2Fmedia&parent=79453"}],"wp:term":[{"taxonomy":"category","embeddable":true,"href":"https:\/\/informativoelvalledeaguascalientes.online\/index.php?rest_route=%2Fwp%2Fv2%2Fcategories&post=79453"},{"taxonomy":"post_tag","embeddable":true,"href":"https:\/\/informativoelvalledeaguascalientes.online\/index.php?rest_route=%2Fwp%2Fv2%2Ftags&post=79453"}],"curies":[{"name":"wp","href":"https:\/\/api.w.org\/{rel}","templated":true}]}}