{"id":79185,"date":"2025-11-10T22:47:51","date_gmt":"2025-11-11T04:47:51","guid":{"rendered":"https:\/\/informativoelvalledeaguascalientes.online\/?p=79185"},"modified":"2025-11-10T22:47:51","modified_gmt":"2025-11-11T04:47:51","slug":"busca-arlette-munoz-reforzar-mecanismos-de-ausentismo-en-las-aulas","status":"publish","type":"post","link":"https:\/\/informativoelvalledeaguascalientes.online\/?p=79185","title":{"rendered":"BUSCA ARLETTE MU\u00d1OZ REFORZAR MECANISMOS DE AUSENTISMO EN LAS AULAS."},"content":{"rendered":"<p class=\"p1\">#novaradioaguascalientes #informativoelvalledeaguascalientesll #Aguascalientes<\/p>\n<p>&nbsp;<\/p>\n<p class=\"p1\">\n<p class=\"p1\">La diputada Arlette Mu\u00f1oz busca reforzar los mecanismos de prevenci\u00f3n del ausentismo en las aulas de Aguascalientes. Aunque el estado cuenta con altos niveles de cobertura educativa, se presentan situaciones de ausencias prolongadas o no justificadas que requieren mayor seguimiento y coordinaci\u00f3n entre escuelas, familias y autoridades.<\/p>\n<p class=\"p1\">Mu\u00f1oz subray\u00f3 que la desaparici\u00f3n de personas es un desaf\u00edo que afecta a la sociedad, y es fundamental fortalecer los mecanismos de prevenci\u00f3n y comunicaci\u00f3n interinstitucional para actuar de manera temprana cuando se detecten se\u00f1ales de riesgo. &#8220;Reconocemos el esfuerzo del Instituto de Educaci\u00f3n y los protocolos implementados en las instituciones educativas del estado. Sin embargo, es necesario reforzar la prevenci\u00f3n a trav\u00e9s de la ley para dotar de herramientas adicionales que contribuyan a garantizar el derecho a la educaci\u00f3n, la integridad y la seguridad de la ni\u00f1ez en Aguascalientes&#8221;, afirm\u00f3.<\/p>\n<p class=\"p1\">Para abordar esta problem\u00e1tica, se propone una reforma a la Ley de Educaci\u00f3n del Estado de Aguascalientes que busca establecer mecanismos estatales de alerta por ausencia escolar, con el objetivo de detectar oportunamente ausencias injustificadas o prolongadas y activar canales de comunicaci\u00f3n y protecci\u00f3n.<\/p>\n<p class=\"p1\">Los prop\u00f3sitos de la iniciativa son:<\/p>\n<p class=\"p1\">&#8211; Registrar y dar seguimiento a las ausencias injustificadas o prolongadas de los educandos<\/p>\n<p class=\"p1\">&#8211; Promover la comunicaci\u00f3n inmediata entre las autoridades escolares y las familias<\/p>\n<p class=\"p1\">&#8211; Notificar al Instituto de Educaci\u00f3n de Aguascalientes, y en su caso a las instancias de protecci\u00f3n competentes, cuando existan indicios de riesgo<\/p>\n<p class=\"p1\">&#8211; Emitir lineamientos y protocolos de actuaci\u00f3n, asegurando la confidencialidad, la protecci\u00f3n de datos personales y el respeto al inter\u00e9s superior de la ni\u00f1ez<\/p>\n<p class=\"p1\">Cada ausencia escolar debe ser vista como una se\u00f1al de alerta que nos convoque a actuar de manera temprana, emp\u00e1tica y coordinada&#8221;, concluy\u00f3 la diputada Arlette Mu\u00f1oz.<\/p>\n","protected":false},"excerpt":{"rendered":"<p>#novaradioaguascalientes #informativoelvalledeaguascalientesll #Aguascalientes &nbsp; La diputada Arlette Mu\u00f1oz busca reforzar los mecanismos de prevenci\u00f3n del ausentismo en las aulas de Aguascalientes. Aunque el estado cuenta con altos niveles de cobertura educativa, se presentan situaciones de ausencias prolongadas o no justificadas que requieren mayor seguimiento y coordinaci\u00f3n entre escuelas, familias y autoridades. Mu\u00f1oz subray\u00f3 que la [&hellip;]<\/p>\n","protected":false},"author":1,"featured_media":79186,"comment_status":"closed","ping_status":"open","sticky":false,"template":"","format":"standard","meta":{"advanced_seo_description":"","jetpack_seo_html_title":"","jetpack_seo_noindex":false,"_jetpack_memberships_contains_paid_content":false,"footnotes":"","jetpack_publicize_message":"","jetpack_publicize_feature_enabled":true,"jetpack_social_post_already_shared":true,"jetpack_social_options":{"image_generator_settings":{"template":"highway","default_image_id":0,"font":"","enabled":false},"version":2}},"categories":[21,5],"tags":[22,872],"class_list":["post-79185","post","type-post","status-publish","format-standard","has-post-thumbnail","hentry","category-aguascalientes","category-h-congreso-del-estado-aguascalientes","tag-aguascalientes","tag-lxvi-legislatura-aguascalientes"],"jetpack_publicize_connections":[],"jetpack_featured_media_url":"https:\/\/i0.wp.com\/informativoelvalledeaguascalientes.online\/wp-content\/uploads\/2025\/11\/b5cb167c-7c5b-4483-a6b0-d877255018fa.jpg?fit=1200%2C1599&ssl=1","jetpack-related-posts":[],"jetpack_sharing_enabled":true,"jetpack_likes_enabled":true,"_links":{"self":[{"href":"https:\/\/informativoelvalledeaguascalientes.online\/index.php?rest_route=\/wp\/v2\/posts\/79185","targetHints":{"allow":["GET"]}}],"collection":[{"href":"https:\/\/informativoelvalledeaguascalientes.online\/index.php?rest_route=\/wp\/v2\/posts"}],"about":[{"href":"https:\/\/informativoelvalledeaguascalientes.online\/index.php?rest_route=\/wp\/v2\/types\/post"}],"author":[{"embeddable":true,"href":"https:\/\/informativoelvalledeaguascalientes.online\/index.php?rest_route=\/wp\/v2\/users\/1"}],"replies":[{"embeddable":true,"href":"https:\/\/informativoelvalledeaguascalientes.online\/index.php?rest_route=%2Fwp%2Fv2%2Fcomments&post=79185"}],"version-history":[{"count":1,"href":"https:\/\/informativoelvalledeaguascalientes.online\/index.php?rest_route=\/wp\/v2\/posts\/79185\/revisions"}],"predecessor-version":[{"id":79187,"href":"https:\/\/informativoelvalledeaguascalientes.online\/index.php?rest_route=\/wp\/v2\/posts\/79185\/revisions\/79187"}],"wp:featuredmedia":[{"embeddable":true,"href":"https:\/\/informativoelvalledeaguascalientes.online\/index.php?rest_route=\/wp\/v2\/media\/79186"}],"wp:attachment":[{"href":"https:\/\/informativoelvalledeaguascalientes.online\/index.php?rest_route=%2Fwp%2Fv2%2Fmedia&parent=79185"}],"wp:term":[{"taxonomy":"category","embeddable":true,"href":"https:\/\/informativoelvalledeaguascalientes.online\/index.php?rest_route=%2Fwp%2Fv2%2Fcategories&post=79185"},{"taxonomy":"post_tag","embeddable":true,"href":"https:\/\/informativoelvalledeaguascalientes.online\/index.php?rest_route=%2Fwp%2Fv2%2Ftags&post=79185"}],"curies":[{"name":"wp","href":"https:\/\/api.w.org\/{rel}","templated":true}]}}