{"id":79177,"date":"2025-11-10T22:27:34","date_gmt":"2025-11-11T04:27:34","guid":{"rendered":"https:\/\/informativoelvalledeaguascalientes.online\/?p=79177"},"modified":"2025-11-10T22:27:34","modified_gmt":"2025-11-11T04:27:34","slug":"tono-martin-del-campo-presenta-nuevo-paquete-de-iniciativas-en-materia-de-salud-y-bien-comun","status":"publish","type":"post","link":"https:\/\/informativoelvalledeaguascalientes.online\/?p=79177","title":{"rendered":"TO\u00d1O MART\u00cdN DEL CAMPO PRESENTA NUEVO PAQUETE DE INICIATIVAS EN MATERIA DE SALUD Y BIEN COM\u00daN"},"content":{"rendered":"<p class=\"p1\">#novaradioaguascalientes #informativoelvalledeaguascalientesll #Aguascalientes<\/p>\n<p>&nbsp;<\/p>\n<p class=\"p1\">\n<ul class=\"ul1\">\n<li class=\"li2\">Propone pensi\u00f3n del 100% para polic\u00edas, apoyo a familiares de pacientes con c\u00e1ncer y un programa permanente de salud mental.<\/li>\n<li class=\"li2\">Busca fortalecer la seguridad social y la justicia econ\u00f3mica para trabajadores, familias y personas en situaci\u00f3n vulnerable.<\/li>\n<\/ul>\n<p>&nbsp;<\/p>\n<p class=\"p2\">El Senador To\u00f1o Mart\u00edn del Campo anunci\u00f3 la presentaci\u00f3n de un nuevo paquete de iniciativas ante el Senado de la Rep\u00fablica, enfocado en salud y bien com\u00fan, con propuestas que buscan atender de manera integral las necesidades de polic\u00edas, pacientes con enfermedades graves y familias mexicanas.<\/p>\n<p class=\"p2\">El legislador explic\u00f3 que una pensi\u00f3n justa es una forma de seguridad p\u00fablica, por lo que su propuesta plantea que los polic\u00edas puedan jubilarse con el 100% de su salario tras 25 a\u00f1os de servicio, mediante la coordinaci\u00f3n entre federaci\u00f3n, estados y municipios. Adem\u00e1s, se propone que los elementos obtengan base laboral autom\u00e1tica al cumplir 10 a\u00f1os de servicio, garantizando estabilidad y derechos plenos. Mart\u00edn del Campo tambi\u00e9n plante\u00f3 que los polic\u00edas puedan recibir atenci\u00f3n m\u00e9dica en el hospital m\u00e1s cercano en caso de emergencia, con el compromiso de que esos gastos sean reembolsables, priorizando la atenci\u00f3n oportuna y la protecci\u00f3n de la vida.<\/p>\n<p class=\"p2\">El Senador destac\u00f3 la necesidad de construir seguridad econ\u00f3mica con justicia social, proponiendo que todos los jubilados y pensionados tengan derecho a un estudio anual de salud gratuito para detectar enfermedades a tiempo. Asimismo, propone que los enfermos en fase terminal puedan acceder de manera anticipada a sus ahorros para cuidados paliativos y medicamentos, y que las pensiones se calculen con base en el salario m\u00ednimo y no en UMA\u2019s, fortaleciendo el poder adquisitivo de las personas pensionadas.<\/p>\n<p class=\"p2\">Entre las iniciativas presentadas, se incluye una reforma para garantizar licencias laborales a madres y padres de ni\u00f1os con c\u00e1ncer, con el fin de que puedan acompa\u00f1arlos durante su tratamiento sin perder su empleo. La propuesta tambi\u00e9n contempla acompa\u00f1amiento emocional y econ\u00f3mico para las familias, asegurando que el Estado est\u00e9 presente en cada fase del proceso.<\/p>\n<p class=\"p2\">To\u00f1o Mart\u00edn del Campo propuso la creaci\u00f3n de un programa nacional de salud mental comunitaria, que brinde atenci\u00f3n psicol\u00f3gica gratuita en colonias y comunidades, con profesionales disponibles en centros comunitarios. \u201cEl bienestar emocional no es un lujo, es una necesidad\u201d, subray\u00f3 el Senador, al destacar la importancia de la prevenci\u00f3n de la violencia, la depresi\u00f3n y las adicciones mediante el fortalecimiento de redes de apoyo.<\/p>\n<p class=\"p2\">Finalmente, el Senador plante\u00f3 el reconocimiento legal de los animales de asistencia emocional dentro de la Ley de Discapacidad, con el fin de valorar su funci\u00f3n en el bienestar de personas con ansiedad, depresi\u00f3n o trastornos emocionales. To\u00f1o Mart\u00edn del Campo reiter\u00f3 que la salud, la familia y la seguridad social no deben ser privilegios, sino derechos garantizados, y que cuidar a quienes cuidan es cuidar a M\u00e9xico..<\/p>\n","protected":false},"excerpt":{"rendered":"<p>#novaradioaguascalientes #informativoelvalledeaguascalientesll #Aguascalientes &nbsp; Propone pensi\u00f3n del 100% para polic\u00edas, apoyo a familiares de pacientes con c\u00e1ncer y un programa permanente de salud mental. Busca fortalecer la seguridad social y la justicia econ\u00f3mica para trabajadores, familias y personas en situaci\u00f3n vulnerable. &nbsp; El Senador To\u00f1o Mart\u00edn del Campo anunci\u00f3 la presentaci\u00f3n de un nuevo paquete [&hellip;]<\/p>\n","protected":false},"author":1,"featured_media":79178,"comment_status":"closed","ping_status":"open","sticky":false,"template":"","format":"standard","meta":{"advanced_seo_description":"","jetpack_seo_html_title":"","jetpack_seo_noindex":false,"_jetpack_memberships_contains_paid_content":false,"footnotes":"","jetpack_publicize_message":"","jetpack_publicize_feature_enabled":true,"jetpack_social_post_already_shared":true,"jetpack_social_options":{"image_generator_settings":{"template":"highway","default_image_id":0,"font":"","enabled":false},"version":2}},"categories":[21,7],"tags":[22,23,43],"class_list":["post-79177","post","type-post","status-publish","format-standard","has-post-thumbnail","hentry","category-aguascalientes","category-pan-aguascalientes","tag-aguascalientes","tag-pan-aguascalientes","tag-pan-aguascalientes-cde"],"jetpack_publicize_connections":[],"jetpack_featured_media_url":"https:\/\/i0.wp.com\/informativoelvalledeaguascalientes.online\/wp-content\/uploads\/2025\/11\/d9d85209-6783-46ff-9e66-b2908040f7f0.jpg?fit=1280%2C761&ssl=1","jetpack-related-posts":[],"jetpack_sharing_enabled":true,"jetpack_likes_enabled":true,"_links":{"self":[{"href":"https:\/\/informativoelvalledeaguascalientes.online\/index.php?rest_route=\/wp\/v2\/posts\/79177","targetHints":{"allow":["GET"]}}],"collection":[{"href":"https:\/\/informativoelvalledeaguascalientes.online\/index.php?rest_route=\/wp\/v2\/posts"}],"about":[{"href":"https:\/\/informativoelvalledeaguascalientes.online\/index.php?rest_route=\/wp\/v2\/types\/post"}],"author":[{"embeddable":true,"href":"https:\/\/informativoelvalledeaguascalientes.online\/index.php?rest_route=\/wp\/v2\/users\/1"}],"replies":[{"embeddable":true,"href":"https:\/\/informativoelvalledeaguascalientes.online\/index.php?rest_route=%2Fwp%2Fv2%2Fcomments&post=79177"}],"version-history":[{"count":1,"href":"https:\/\/informativoelvalledeaguascalientes.online\/index.php?rest_route=\/wp\/v2\/posts\/79177\/revisions"}],"predecessor-version":[{"id":79179,"href":"https:\/\/informativoelvalledeaguascalientes.online\/index.php?rest_route=\/wp\/v2\/posts\/79177\/revisions\/79179"}],"wp:featuredmedia":[{"embeddable":true,"href":"https:\/\/informativoelvalledeaguascalientes.online\/index.php?rest_route=\/wp\/v2\/media\/79178"}],"wp:attachment":[{"href":"https:\/\/informativoelvalledeaguascalientes.online\/index.php?rest_route=%2Fwp%2Fv2%2Fmedia&parent=79177"}],"wp:term":[{"taxonomy":"category","embeddable":true,"href":"https:\/\/informativoelvalledeaguascalientes.online\/index.php?rest_route=%2Fwp%2Fv2%2Fcategories&post=79177"},{"taxonomy":"post_tag","embeddable":true,"href":"https:\/\/informativoelvalledeaguascalientes.online\/index.php?rest_route=%2Fwp%2Fv2%2Ftags&post=79177"}],"curies":[{"name":"wp","href":"https:\/\/api.w.org\/{rel}","templated":true}]}}