{"id":79173,"date":"2025-11-10T22:22:39","date_gmt":"2025-11-11T04:22:39","guid":{"rendered":"https:\/\/informativoelvalledeaguascalientes.online\/?p=79173"},"modified":"2025-11-10T22:22:39","modified_gmt":"2025-11-11T04:22:39","slug":"video-nota-y-testmonio-arranca-obra-en-la-calle-vista-alegre-en-la-colonia-la-escalera-jesus-maria","status":"publish","type":"post","link":"https:\/\/informativoelvalledeaguascalientes.online\/?p=79173","title":{"rendered":"VIDEO NOTA Y TESTMONIO: ARRANCA OBRA EN LA CALLE VISTA ALEGRE, EN LA COLONIA LA ESCALERA, JES\u00daS MAR\u00cdA"},"content":{"rendered":"<p class=\"p1\">#novaradioaguascalientes #informativoelvalledeaguascalientesll #Aguascalientes<\/p>\n<div style=\"width: 478px;\" class=\"wp-video\"><video class=\"wp-video-shortcode\" id=\"video-79173-1\" width=\"478\" height=\"850\" preload=\"metadata\" controls=\"controls\"><source type=\"video\/mp4\" src=\"https:\/\/informativoelvalledeaguascalientes.online\/wp-content\/uploads\/2025\/11\/WhatsApp-Video-2025-11-10-at-3.52.01-PM.mp4?_=1\" \/><a href=\"https:\/\/informativoelvalledeaguascalientes.online\/wp-content\/uploads\/2025\/11\/WhatsApp-Video-2025-11-10-at-3.52.01-PM.mp4\">https:\/\/informativoelvalledeaguascalientes.online\/wp-content\/uploads\/2025\/11\/WhatsApp-Video-2025-11-10-at-3.52.01-PM.mp4<\/a><\/video><\/div>\n<p>&nbsp;<\/p>\n<p>ARRANCA OBRA EN LA CALLE VISTA ALEGRE, EN LA COLONIA LA ESCALERA, JES\u00daS MAR\u00cdA<\/p>\n<p>* La obra contempla pavimento asf\u00e1ltico, guarniciones, banquetas y alumbrado p\u00fablico.<br \/>\n* Se intervendr\u00e1n 170 metros lineales de vialidad, beneficiando a decenas de familias y mejorando la conectividad de la zona.<\/p>\n<p>El Gobierno Municipal de Jes\u00fas Mar\u00eda, encabezado por el alcalde C\u00e9sar Medina, dio el banderazo oficial al arranque de la obra p\u00fablica en la calle Vista Alegre, en la colonia La Escalera, una acci\u00f3n que transformar\u00e1 la movilidad y la calidad de vida de las familias que habitan en esta zona del municipio.<\/p>\n<p>El Secretario de Obras P\u00fablicas, Carlos Humberto Rodr\u00edguez, explic\u00f3 que esta obra fue dise\u00f1ada para mejorar la conectividad entre las zonas de El Calvario y La Escalera, beneficiando tanto a peatones como a automovilistas. El proyecto contempla la intervenci\u00f3n de 170 metros lineales de vialidad, desde la calle Silos hasta la calle El Calvario, con la construcci\u00f3n de 560 metros cuadrados de banquetas, guarniciones de concreto y una carpeta asf\u00e1ltica de 1,560 metros cuadrados. Adem\u00e1s, se instalar\u00e1n luminarias nuevas a lo largo de toda la calle, reforzando la seguridad y visibilidad en horario nocturno.<\/p>\n<p>Durante su mensaje, el alcalde C\u00e9sar Medina subray\u00f3 que esta obra responde a una solicitud ciudadana recibida durante su campa\u00f1a, y forma parte de un plan integral para mejorar la infraestructura en todas las colonias y comunidades del municipio. \u201cEsta calle cambiar\u00e1 por completo la imagen y funcionalidad de la zona. Son obras que no solo facilitan la movilidad, sino que tambi\u00e9n consolidan el desarrollo urbano de Jes\u00fas Mar\u00eda\u201d, expres\u00f3.<\/p>\n<p>El presidente municipal hizo un llamado a los vecinos a mantener precauciones, especialmente con los ni\u00f1os, durante el proceso de construcci\u00f3n. Asimismo, anunci\u00f3 la instalaci\u00f3n de luminarias como complemento a la pavimentaci\u00f3n, con el fin de ofrecer una calle m\u00e1s segura y moderna. Asimismo, agradeci\u00f3 al Cabildo por la aprobaci\u00f3n de los recursos y a la Secretar\u00eda de Obras P\u00fablicas por la planeaci\u00f3n y ejecuci\u00f3n del proyecto, resaltando la colaboraci\u00f3n de las diferentes \u00e1reas del Ayuntamiento y la participaci\u00f3n activa de los vecinos.<\/p>\n<p>Finalmente, las autoridades y los vecinos realizaron el banderazo oficial de arranque de la obra, marcando el inicio formal de los trabajos en la calle Vista Alegre, con lo que el Gobierno Municipal de Jes\u00fas Mar\u00eda seguir\u00e1 construyendo una ciudad de vanguardia, con mejores servicios y espacios dignos para todas y todos.<\/p>\n","protected":false},"excerpt":{"rendered":"<p>#novaradioaguascalientes #informativoelvalledeaguascalientesll #Aguascalientes &nbsp; ARRANCA OBRA EN LA CALLE VISTA ALEGRE, EN LA COLONIA LA ESCALERA, JES\u00daS MAR\u00cdA * La obra contempla pavimento asf\u00e1ltico, guarniciones, banquetas y alumbrado p\u00fablico. * Se intervendr\u00e1n 170 metros lineales de vialidad, beneficiando a decenas de familias y mejorando la conectividad de la zona. El Gobierno Municipal de Jes\u00fas Mar\u00eda, [&hellip;]<\/p>\n","protected":false},"author":1,"featured_media":79175,"comment_status":"closed","ping_status":"open","sticky":false,"template":"","format":"standard","meta":{"advanced_seo_description":"","jetpack_seo_html_title":"","jetpack_seo_noindex":false,"_jetpack_memberships_contains_paid_content":false,"footnotes":"","jetpack_publicize_message":"","jetpack_publicize_feature_enabled":true,"jetpack_social_post_already_shared":true,"jetpack_social_options":{"image_generator_settings":{"template":"highway","default_image_id":0,"font":"","enabled":false},"version":2}},"categories":[21,14],"tags":[22,45],"class_list":["post-79173","post","type-post","status-publish","format-standard","has-post-thumbnail","hentry","category-aguascalientes","category-jesus-maria-aguascalientes","tag-aguascalientes","tag-jesus-maria-aguascalientes"],"jetpack_publicize_connections":[],"jetpack_featured_media_url":"https:\/\/i0.wp.com\/informativoelvalledeaguascalientes.online\/wp-content\/uploads\/2025\/11\/b70c3020-b123-4f42-a7b2-d9dfb524a7c5.jpg?fit=1506%2C1068&ssl=1","jetpack-related-posts":[],"jetpack_sharing_enabled":true,"jetpack_likes_enabled":true,"_links":{"self":[{"href":"https:\/\/informativoelvalledeaguascalientes.online\/index.php?rest_route=\/wp\/v2\/posts\/79173","targetHints":{"allow":["GET"]}}],"collection":[{"href":"https:\/\/informativoelvalledeaguascalientes.online\/index.php?rest_route=\/wp\/v2\/posts"}],"about":[{"href":"https:\/\/informativoelvalledeaguascalientes.online\/index.php?rest_route=\/wp\/v2\/types\/post"}],"author":[{"embeddable":true,"href":"https:\/\/informativoelvalledeaguascalientes.online\/index.php?rest_route=\/wp\/v2\/users\/1"}],"replies":[{"embeddable":true,"href":"https:\/\/informativoelvalledeaguascalientes.online\/index.php?rest_route=%2Fwp%2Fv2%2Fcomments&post=79173"}],"version-history":[{"count":1,"href":"https:\/\/informativoelvalledeaguascalientes.online\/index.php?rest_route=\/wp\/v2\/posts\/79173\/revisions"}],"predecessor-version":[{"id":79176,"href":"https:\/\/informativoelvalledeaguascalientes.online\/index.php?rest_route=\/wp\/v2\/posts\/79173\/revisions\/79176"}],"wp:featuredmedia":[{"embeddable":true,"href":"https:\/\/informativoelvalledeaguascalientes.online\/index.php?rest_route=\/wp\/v2\/media\/79175"}],"wp:attachment":[{"href":"https:\/\/informativoelvalledeaguascalientes.online\/index.php?rest_route=%2Fwp%2Fv2%2Fmedia&parent=79173"}],"wp:term":[{"taxonomy":"category","embeddable":true,"href":"https:\/\/informativoelvalledeaguascalientes.online\/index.php?rest_route=%2Fwp%2Fv2%2Fcategories&post=79173"},{"taxonomy":"post_tag","embeddable":true,"href":"https:\/\/informativoelvalledeaguascalientes.online\/index.php?rest_route=%2Fwp%2Fv2%2Ftags&post=79173"}],"curies":[{"name":"wp","href":"https:\/\/api.w.org\/{rel}","templated":true}]}}