{"id":79167,"date":"2025-11-10T22:04:29","date_gmt":"2025-11-11T04:04:29","guid":{"rendered":"https:\/\/informativoelvalledeaguascalientes.online\/?p=79167"},"modified":"2025-11-10T22:04:29","modified_gmt":"2025-11-11T04:04:29","slug":"jesus-maria-activa-programa-especial-municipal-por-temporada-invernal","status":"publish","type":"post","link":"https:\/\/informativoelvalledeaguascalientes.online\/?p=79167","title":{"rendered":"JES\u00daS MAR\u00cdA ACTIVA PROGRAMA ESPECIAL MUNICIPAL POR TEMPORADA INVERNAL"},"content":{"rendered":"<p class=\"p1\">#novaradioaguascalientes #informativoelvalledeaguascalientesll #Aguascalientes<\/p>\n<p>&nbsp;<\/p>\n<p>&nbsp;<\/p>\n<p>\u2022 El municipio cuenta con un refugio temporal con capacidad para 150 personas, listo para activarse en caso de alguna contingencia, asimismo, podr\u00e1n activarse refugios adicionales en las delegaciones<\/p>\n<p>&nbsp;<\/p>\n<p>Con el objetivo de establecer acciones preventivas y de auxilio destinadas a proteger y salvaguardar a la poblaci\u00f3n ante posibles contingencias derivadas de las bajas temperaturas, el Gobierno Municipal de Jes\u00fas Mar\u00eda present\u00f3 el Programa Especial Municipal por Temporada de Invierno 2025-2026.<\/p>\n<p>La reuni\u00f3n fue encabezada por el presidente municipal de Jes\u00fas Mar\u00eda, C\u00e9sar Medina, y cont\u00f3 con la presencia del coordinador estatal de Protecci\u00f3n Civil, Jes\u00fas Eduardo Mu\u00f1oz, as\u00ed como del Consejo de Protecci\u00f3n Civil integrado por dependencias como el DIF municipal, Instancia de Salud, Seguridad P\u00fablica, Comunicaci\u00f3n Social, CAPAS, SEDETUM, entre otras.<\/p>\n<p>El titular de Protecci\u00f3n Civil Municipal, H\u00e9ctor Manuel Reyes Hern\u00e1ndez, dio a conocer los detalles del plan operativo, explic\u00f3 que, previo al inicio de la temporada invernal, se han realizado recorridos de monitoreo en todo el municipio, logrando identificar las zonas m\u00e1s vulnerables ante los efectos del fr\u00edo.<\/p>\n<p>Asimismo, inform\u00f3 que ya se encuentra listo un refugio temporal a cargo del DIF Municipal, ubicado en la Casa de M\u00fasica de la Colonia Ejidal, con capacidad para 150 personas, el cual se activar\u00e1 en caso de alguna contingencia, asimismo, podr\u00e1n activarse refugios adicionales en las delegaciones de Valladolid, Paseos de Aguascalientes, Margaritas y Venadero.<\/p>\n<p>Reyes Hern\u00e1ndez destac\u00f3 que el Consejo de Protecci\u00f3n Civil trabajar\u00e1 de manera transversal y en total coordinaci\u00f3n con los tres niveles de gobierno para brindar una atenci\u00f3n oportuna ante cualquier contingencia, asimismo, exhort\u00f3 a la ciudadan\u00eda a tomar medidas de autoprotecci\u00f3n, como evitar cambios bruscos de temperatura, evitar el uso de anafres o braseros en espacios cerrados y mantener limpias las parcelas para prevenir incendios de pastizal.<\/p>\n<p>Por su parte, el coordinador estatal de Protecci\u00f3n Civil, Jes\u00fas Eduardo Mu\u00f1oz, reconoci\u00f3 al Gobierno Municipal de Jes\u00fas Mar\u00eda por la importancia que otorga a la prevenci\u00f3n y por su adecuada organizaci\u00f3n en beneficio de la ciudadan\u00eda.<\/p>\n","protected":false},"excerpt":{"rendered":"<p>#novaradioaguascalientes #informativoelvalledeaguascalientesll #Aguascalientes &nbsp; &nbsp; \u2022 El municipio cuenta con un refugio temporal con capacidad para 150 personas, listo para activarse en caso de alguna contingencia, asimismo, podr\u00e1n activarse refugios adicionales en las delegaciones &nbsp; Con el objetivo de establecer acciones preventivas y de auxilio destinadas a proteger y salvaguardar a la poblaci\u00f3n ante posibles [&hellip;]<\/p>\n","protected":false},"author":1,"featured_media":79168,"comment_status":"closed","ping_status":"open","sticky":false,"template":"","format":"standard","meta":{"advanced_seo_description":"","jetpack_seo_html_title":"","jetpack_seo_noindex":false,"_jetpack_memberships_contains_paid_content":false,"footnotes":"","jetpack_publicize_message":"","jetpack_publicize_feature_enabled":true,"jetpack_social_post_already_shared":true,"jetpack_social_options":{"image_generator_settings":{"template":"highway","default_image_id":0,"font":"","enabled":false},"version":2}},"categories":[21,14],"tags":[22,45],"class_list":["post-79167","post","type-post","status-publish","format-standard","has-post-thumbnail","hentry","category-aguascalientes","category-jesus-maria-aguascalientes","tag-aguascalientes","tag-jesus-maria-aguascalientes"],"jetpack_publicize_connections":[],"jetpack_featured_media_url":"https:\/\/i0.wp.com\/informativoelvalledeaguascalientes.online\/wp-content\/uploads\/2025\/11\/2a846ef2-4e8e-4fb1-ae53-59c8ee5b360d.jpg?fit=2560%2C1706&ssl=1","jetpack-related-posts":[],"jetpack_sharing_enabled":true,"jetpack_likes_enabled":true,"_links":{"self":[{"href":"https:\/\/informativoelvalledeaguascalientes.online\/index.php?rest_route=\/wp\/v2\/posts\/79167","targetHints":{"allow":["GET"]}}],"collection":[{"href":"https:\/\/informativoelvalledeaguascalientes.online\/index.php?rest_route=\/wp\/v2\/posts"}],"about":[{"href":"https:\/\/informativoelvalledeaguascalientes.online\/index.php?rest_route=\/wp\/v2\/types\/post"}],"author":[{"embeddable":true,"href":"https:\/\/informativoelvalledeaguascalientes.online\/index.php?rest_route=\/wp\/v2\/users\/1"}],"replies":[{"embeddable":true,"href":"https:\/\/informativoelvalledeaguascalientes.online\/index.php?rest_route=%2Fwp%2Fv2%2Fcomments&post=79167"}],"version-history":[{"count":1,"href":"https:\/\/informativoelvalledeaguascalientes.online\/index.php?rest_route=\/wp\/v2\/posts\/79167\/revisions"}],"predecessor-version":[{"id":79169,"href":"https:\/\/informativoelvalledeaguascalientes.online\/index.php?rest_route=\/wp\/v2\/posts\/79167\/revisions\/79169"}],"wp:featuredmedia":[{"embeddable":true,"href":"https:\/\/informativoelvalledeaguascalientes.online\/index.php?rest_route=\/wp\/v2\/media\/79168"}],"wp:attachment":[{"href":"https:\/\/informativoelvalledeaguascalientes.online\/index.php?rest_route=%2Fwp%2Fv2%2Fmedia&parent=79167"}],"wp:term":[{"taxonomy":"category","embeddable":true,"href":"https:\/\/informativoelvalledeaguascalientes.online\/index.php?rest_route=%2Fwp%2Fv2%2Fcategories&post=79167"},{"taxonomy":"post_tag","embeddable":true,"href":"https:\/\/informativoelvalledeaguascalientes.online\/index.php?rest_route=%2Fwp%2Fv2%2Ftags&post=79167"}],"curies":[{"name":"wp","href":"https:\/\/api.w.org\/{rel}","templated":true}]}}