{"id":79161,"date":"2025-11-10T21:56:14","date_gmt":"2025-11-11T03:56:14","guid":{"rendered":"https:\/\/informativoelvalledeaguascalientes.online\/?p=79161"},"modified":"2025-11-10T21:56:14","modified_gmt":"2025-11-11T03:56:14","slug":"inaugura-cesar-medina-la-rehabilitacion-de-la-calle-mina-en-jesus-maria","status":"publish","type":"post","link":"https:\/\/informativoelvalledeaguascalientes.online\/?p=79161","title":{"rendered":"INAUGURA C\u00c9SAR MEDINA LA REHABILITACI\u00d3N DE LA CALLE MINA EN JES\u00daS MAR\u00cdA"},"content":{"rendered":"<p class=\"p1\">#novaradioaguascalientes #informativoelvalledeaguascalientesll #Aguascalientes<\/p>\n<p>&nbsp;<\/p>\n<p>El presidente municipal de Jes\u00fas Mar\u00eda C\u00e9sar Medina encabez\u00f3 la inauguraci\u00f3n de la rehabilitaci\u00f3n de la calle Francisco Javier Mina, en el tramo comprendido entre Avenida San Lorenzo y calle Centenario, en la Zona Centro de Jes\u00fas Mar\u00eda, obra que representa una mejora significativa en movilidad, imagen urbana y calidad de vida para quienes transitan diariamente por esta vialidad.<\/p>\n<p>Con una inversi\u00f3n de tres millones y medio de pesos, los trabajos incluyeron la renovaci\u00f3n de las redes de agua potable y drenaje, guarniciones, banquetas, as\u00ed como la construcci\u00f3n de pavimento hidr\u00e1ulico.<\/p>\n<p>El secretario de Obras P\u00fablicas, Carlos Humberto Rodr\u00edguez, detall\u00f3 que la rehabilitaci\u00f3n tambi\u00e9n contempl\u00f3 la instalaci\u00f3n de bancas de concreto con herrer\u00eda, cestos de basura, aparcabicicletas y nueva iluminaci\u00f3n, adem\u00e1s de la colocaci\u00f3n de \u00e1rboles de buen tama\u00f1o y la adecuaci\u00f3n de espacios accesibles para personas en silla de ruedas, con el objetivo de crear un entorno m\u00e1s funcional y agradable para la ciudadan\u00eda.<\/p>\n<p>Durante el evento, el alcalde C\u00e9sar Medina destac\u00f3 que este a\u00f1o ha sido intenso en materia de obra p\u00fablica, con acciones tambi\u00e9n en comunidades como La Escalera, El Calvario, Manantiales del Pinar, Tomatina, Milpillas, Margaritas, San Antonio de los Horcones y Maravillas, entre otras.<\/p>\n<p>\u201cAgradezco el respaldo del Cabildo para seguir impulsando obras que mejoran nuestro municipio, sin duda las y los ciudadanos son el motor de cada acci\u00f3n que emprendemos\u201d, dijo Medina Cervantes.<\/p>\n<p>Asimismo, indic\u00f3 que durante su administraci\u00f3n continuar\u00e1 trabajando para construir un Jes\u00fas Mar\u00eda con infraestructura de calidad y espacios p\u00fablicos dignos para todos.<\/p>\n","protected":false},"excerpt":{"rendered":"<p>#novaradioaguascalientes #informativoelvalledeaguascalientesll #Aguascalientes &nbsp; El presidente municipal de Jes\u00fas Mar\u00eda C\u00e9sar Medina encabez\u00f3 la inauguraci\u00f3n de la rehabilitaci\u00f3n de la calle Francisco Javier Mina, en el tramo comprendido entre Avenida San Lorenzo y calle Centenario, en la Zona Centro de Jes\u00fas Mar\u00eda, obra que representa una mejora significativa en movilidad, imagen urbana y calidad de [&hellip;]<\/p>\n","protected":false},"author":1,"featured_media":79162,"comment_status":"closed","ping_status":"open","sticky":false,"template":"","format":"standard","meta":{"advanced_seo_description":"","jetpack_seo_html_title":"","jetpack_seo_noindex":false,"_jetpack_memberships_contains_paid_content":false,"footnotes":"","jetpack_publicize_message":"","jetpack_publicize_feature_enabled":true,"jetpack_social_post_already_shared":true,"jetpack_social_options":{"image_generator_settings":{"template":"highway","default_image_id":0,"font":"","enabled":false},"version":2}},"categories":[21,14],"tags":[22,45],"class_list":["post-79161","post","type-post","status-publish","format-standard","has-post-thumbnail","hentry","category-aguascalientes","category-jesus-maria-aguascalientes","tag-aguascalientes","tag-jesus-maria-aguascalientes"],"jetpack_publicize_connections":[],"jetpack_featured_media_url":"https:\/\/i0.wp.com\/informativoelvalledeaguascalientes.online\/wp-content\/uploads\/2025\/11\/b4e3f9dc-18c7-41a4-978f-ead373c2462b-scaled.jpg?fit=2560%2C1707&ssl=1","jetpack-related-posts":[],"jetpack_sharing_enabled":true,"jetpack_likes_enabled":true,"_links":{"self":[{"href":"https:\/\/informativoelvalledeaguascalientes.online\/index.php?rest_route=\/wp\/v2\/posts\/79161","targetHints":{"allow":["GET"]}}],"collection":[{"href":"https:\/\/informativoelvalledeaguascalientes.online\/index.php?rest_route=\/wp\/v2\/posts"}],"about":[{"href":"https:\/\/informativoelvalledeaguascalientes.online\/index.php?rest_route=\/wp\/v2\/types\/post"}],"author":[{"embeddable":true,"href":"https:\/\/informativoelvalledeaguascalientes.online\/index.php?rest_route=\/wp\/v2\/users\/1"}],"replies":[{"embeddable":true,"href":"https:\/\/informativoelvalledeaguascalientes.online\/index.php?rest_route=%2Fwp%2Fv2%2Fcomments&post=79161"}],"version-history":[{"count":1,"href":"https:\/\/informativoelvalledeaguascalientes.online\/index.php?rest_route=\/wp\/v2\/posts\/79161\/revisions"}],"predecessor-version":[{"id":79163,"href":"https:\/\/informativoelvalledeaguascalientes.online\/index.php?rest_route=\/wp\/v2\/posts\/79161\/revisions\/79163"}],"wp:featuredmedia":[{"embeddable":true,"href":"https:\/\/informativoelvalledeaguascalientes.online\/index.php?rest_route=\/wp\/v2\/media\/79162"}],"wp:attachment":[{"href":"https:\/\/informativoelvalledeaguascalientes.online\/index.php?rest_route=%2Fwp%2Fv2%2Fmedia&parent=79161"}],"wp:term":[{"taxonomy":"category","embeddable":true,"href":"https:\/\/informativoelvalledeaguascalientes.online\/index.php?rest_route=%2Fwp%2Fv2%2Fcategories&post=79161"},{"taxonomy":"post_tag","embeddable":true,"href":"https:\/\/informativoelvalledeaguascalientes.online\/index.php?rest_route=%2Fwp%2Fv2%2Ftags&post=79161"}],"curies":[{"name":"wp","href":"https:\/\/api.w.org\/{rel}","templated":true}]}}