{"id":79142,"date":"2025-11-10T21:33:56","date_gmt":"2025-11-11T03:33:56","guid":{"rendered":"https:\/\/informativoelvalledeaguascalientes.online\/?p=79142"},"modified":"2025-11-10T21:33:56","modified_gmt":"2025-11-11T03:33:56","slug":"arranca-obra-en-la-calle-francisco-villa-en-milpillas-de-abajo-jesus-maria","status":"publish","type":"post","link":"https:\/\/informativoelvalledeaguascalientes.online\/?p=79142","title":{"rendered":"ARRANCA OBRA EN LA CALLE FRANCISCO VILLA, EN MILPILLAS DE ABAJO, JES\u00daS MAR\u00cdA"},"content":{"rendered":"<p class=\"p1\">#novaradioaguascalientes #informativoelvalledeaguascalientesll #Aguascalientes<\/p>\n<p>&nbsp;<\/p>\n<p>&nbsp;<\/p>\n<p>\u2022 La obra contempla pavimento asf\u00e1ltico, guarniciones, banquetas y tomas domiciliarias.<br \/>\n\u2022 Se intervendr\u00e1n m\u00e1s de 800 metros lineales de vialidad, beneficiando a cientos de habitantes.<\/p>\n<p>El Gobierno Municipal de Jes\u00fas Mar\u00eda, encabezado por el presidente C\u00e9sar Medina, dio el banderazo oficial al arranque de la obra p\u00fablica en la calle Francisco Villa, en la comunidad de Milpillas de Abajo, una acci\u00f3n que mejorar\u00e1 de manera significativa la movilidad, la seguridad y la calidad de vida de las familias de esta zona.<\/p>\n<p>En coordinaci\u00f3n con la Secretar\u00eda de Obras P\u00fablicas, el proyecto incluye la construcci\u00f3n de 350 metros cuadrados de banquetas de concreto hidr\u00e1ulico, 290 metros lineales de guarniciones, una glorieta central y una carpeta asf\u00e1ltica de aproximadamente 800 metros lineales, conectando con la vialidad ya existente y mejorando el acceso hacia la escuela local.<\/p>\n<p>El Secretario de Obras P\u00fablicas, Carlos Humberto Rodr\u00edguez, destac\u00f3 que esta obra fue dise\u00f1ada para ordenar la circulaci\u00f3n en el cruce principal y brindar una vialidad segura y funcional. Reconoci\u00f3 el trabajo del equipo t\u00e9cnico conformado por ingenieros y supervisores, as\u00ed como la participaci\u00f3n activa de los vecinos, quienes se mantienen atentos al avance de los trabajos.<\/p>\n<p>Durante el evento, el alcalde C\u00e9sar Medina subray\u00f3 que este proyecto es parte de un esfuerzo integral por llevar obras a todas las comunidades del municipio, especialmente a las m\u00e1s alejadas. \u201cHoy estamos aqu\u00ed en Milpillas arrancando una obra muy importante, que no solo conecta a las familias, sino que mejora la movilidad de los j\u00f3venes que van a la secundaria y de todos los vecinos que transitan diariamente por esta zona\u201d, expres\u00f3.<\/p>\n<p>El presidente municipal, agradeci\u00f3 al Cabildo, a la Secretar\u00eda de Obras P\u00fablicas y al delegado de la comunidad por su trabajo conjunto en beneficio de Milpillas de Abajo y record\u00f3 que esta obra se suma a los proyectos recientemente iniciados o en proceso en Los Arroyitos, La Rinconada, Margaritas y Maravillas, reafirmando el compromiso del Gobierno Municipal de Jes\u00fas Mar\u00eda con el desarrollo de todas sus comunidades.<\/p>\n","protected":false},"excerpt":{"rendered":"<p>#novaradioaguascalientes #informativoelvalledeaguascalientesll #Aguascalientes &nbsp; &nbsp; \u2022 La obra contempla pavimento asf\u00e1ltico, guarniciones, banquetas y tomas domiciliarias. \u2022 Se intervendr\u00e1n m\u00e1s de 800 metros lineales de vialidad, beneficiando a cientos de habitantes. El Gobierno Municipal de Jes\u00fas Mar\u00eda, encabezado por el presidente C\u00e9sar Medina, dio el banderazo oficial al arranque de la obra p\u00fablica en la [&hellip;]<\/p>\n","protected":false},"author":1,"featured_media":79143,"comment_status":"closed","ping_status":"open","sticky":false,"template":"","format":"standard","meta":{"advanced_seo_description":"","jetpack_seo_html_title":"","jetpack_seo_noindex":false,"_jetpack_memberships_contains_paid_content":false,"footnotes":"","jetpack_publicize_message":"","jetpack_publicize_feature_enabled":true,"jetpack_social_post_already_shared":true,"jetpack_social_options":{"image_generator_settings":{"template":"highway","default_image_id":0,"font":"","enabled":false},"version":2}},"categories":[21,14],"tags":[22,45],"class_list":["post-79142","post","type-post","status-publish","format-standard","has-post-thumbnail","hentry","category-aguascalientes","category-jesus-maria-aguascalientes","tag-aguascalientes","tag-jesus-maria-aguascalientes"],"jetpack_publicize_connections":[],"jetpack_featured_media_url":"https:\/\/i0.wp.com\/informativoelvalledeaguascalientes.online\/wp-content\/uploads\/2025\/11\/dad1e9e5-02f4-4013-bddc-4e4c79b99f06.jpg?fit=1600%2C1068&ssl=1","jetpack-related-posts":[],"jetpack_sharing_enabled":true,"jetpack_likes_enabled":true,"_links":{"self":[{"href":"https:\/\/informativoelvalledeaguascalientes.online\/index.php?rest_route=\/wp\/v2\/posts\/79142","targetHints":{"allow":["GET"]}}],"collection":[{"href":"https:\/\/informativoelvalledeaguascalientes.online\/index.php?rest_route=\/wp\/v2\/posts"}],"about":[{"href":"https:\/\/informativoelvalledeaguascalientes.online\/index.php?rest_route=\/wp\/v2\/types\/post"}],"author":[{"embeddable":true,"href":"https:\/\/informativoelvalledeaguascalientes.online\/index.php?rest_route=\/wp\/v2\/users\/1"}],"replies":[{"embeddable":true,"href":"https:\/\/informativoelvalledeaguascalientes.online\/index.php?rest_route=%2Fwp%2Fv2%2Fcomments&post=79142"}],"version-history":[{"count":1,"href":"https:\/\/informativoelvalledeaguascalientes.online\/index.php?rest_route=\/wp\/v2\/posts\/79142\/revisions"}],"predecessor-version":[{"id":79144,"href":"https:\/\/informativoelvalledeaguascalientes.online\/index.php?rest_route=\/wp\/v2\/posts\/79142\/revisions\/79144"}],"wp:featuredmedia":[{"embeddable":true,"href":"https:\/\/informativoelvalledeaguascalientes.online\/index.php?rest_route=\/wp\/v2\/media\/79143"}],"wp:attachment":[{"href":"https:\/\/informativoelvalledeaguascalientes.online\/index.php?rest_route=%2Fwp%2Fv2%2Fmedia&parent=79142"}],"wp:term":[{"taxonomy":"category","embeddable":true,"href":"https:\/\/informativoelvalledeaguascalientes.online\/index.php?rest_route=%2Fwp%2Fv2%2Fcategories&post=79142"},{"taxonomy":"post_tag","embeddable":true,"href":"https:\/\/informativoelvalledeaguascalientes.online\/index.php?rest_route=%2Fwp%2Fv2%2Ftags&post=79142"}],"curies":[{"name":"wp","href":"https:\/\/api.w.org\/{rel}","templated":true}]}}