{"id":79136,"date":"2025-11-10T21:24:23","date_gmt":"2025-11-11T03:24:23","guid":{"rendered":"https:\/\/informativoelvalledeaguascalientes.online\/?p=79136"},"modified":"2025-11-10T21:24:23","modified_gmt":"2025-11-11T03:24:23","slug":"se-llevo-a-cabo-el-segundo-encuentro-de-instrumentos-de-viento-en-jesus-maria-un-homenaje-al-talento-y-a-la-musica","status":"publish","type":"post","link":"https:\/\/informativoelvalledeaguascalientes.online\/?p=79136","title":{"rendered":"SE LLEV\u00d3 A CABO EL SEGUNDO ENCUENTRO DE INSTRUMENTOS DE VIENTO EN JES\u00daS MAR\u00cdA: UN HOMENAJE AL TALENTO Y A LA M\u00daSICA"},"content":{"rendered":"<p class=\"p1\">#novaradioaguascalientes #informativoelvalledeaguascalientesll #Aguascalientes<\/p>\n<p>&nbsp;<\/p>\n<p>Con gran entusiasmo, se llev\u00f3 a cabo el Segundo Encuentro de Instrumentos de Viento \u201cVientofon\u00eda\u201d una iniciativa impulsada por el Municipio de Jes\u00fas Mar\u00eda, en colaboraci\u00f3n con la Universidad Aut\u00f3noma de Aguascalientes, con el prop\u00f3sito de fomentar el gusto y el aprecio por los instrumentos de viento entre la comunidad.<\/p>\n<p>Este evento que se llev\u00f3 a cabo en la Universidad Aut\u00f3noma de Aguascalientes, reuni\u00f3 a los integrantes del Ensamble de Vientos y Percusiones de la Orquesta Sinf\u00f3nica del Municipio de Jes\u00fas Mar\u00eda, conformado por 36 m\u00fasicos, quienes demostraron su talento y pasi\u00f3n por la m\u00fasica.<\/p>\n<p>Este ensamble naci\u00f3 en octubre de 2024 gracias al impulso del Gobierno Municipal de Jes\u00fas Mar\u00eda, as\u00ed como la dedicaci\u00f3n de los maestros de la Casa de M\u00fasica, con la misi\u00f3n de promover el arte musical entre ni\u00f1os y j\u00f3venes al ofrecer espacios de expresi\u00f3n y convivencia positiva.<\/p>\n<p>Durante sus presentaciones, el ensamble ha cautivado al p\u00fablico con un repertorio variado, que incluye piezas representativas del Estado de Oaxaca, interpretadas junto al Ballet Folcl\u00f3rico de Casa de M\u00fasica, logrando una fusi\u00f3n \u00fanica entre la m\u00fasica y la danza tradicional.<\/p>\n<p>Asimismo, los m\u00fasicos han tenido la oportunidad de presentarse en escenarios emblem\u00e1ticos como el Palacio de Gobierno, el Teatro Morelos y la Plaza Principal de Jes\u00fas Mar\u00eda, donde han recibido el reconocimiento y cari\u00f1o del p\u00fablico.<\/p>\n<p>Con este Segundo Encuentro, el Gobierno Municipal de Jes\u00fas Mar\u00eda, refrenda su compromiso con la formaci\u00f3n art\u00edstica, la promoci\u00f3n del talento local y la creaci\u00f3n de espacios que fortalezcan la cultura, reforzando el tejido social en el municipio. Cabe se\u00f1alar que a\u00fan tendr\u00e1n un par de presentaciones en lo que resta del a\u00f1o, lo que demuestra tambi\u00e9n su talento y disciplina.<\/p>\n","protected":false},"excerpt":{"rendered":"<p>#novaradioaguascalientes #informativoelvalledeaguascalientesll #Aguascalientes &nbsp; Con gran entusiasmo, se llev\u00f3 a cabo el Segundo Encuentro de Instrumentos de Viento \u201cVientofon\u00eda\u201d una iniciativa impulsada por el Municipio de Jes\u00fas Mar\u00eda, en colaboraci\u00f3n con la Universidad Aut\u00f3noma de Aguascalientes, con el prop\u00f3sito de fomentar el gusto y el aprecio por los instrumentos de viento entre la comunidad. Este [&hellip;]<\/p>\n","protected":false},"author":1,"featured_media":79137,"comment_status":"closed","ping_status":"open","sticky":false,"template":"","format":"standard","meta":{"advanced_seo_description":"","jetpack_seo_html_title":"","jetpack_seo_noindex":false,"_jetpack_memberships_contains_paid_content":false,"footnotes":"","jetpack_publicize_message":"","jetpack_publicize_feature_enabled":true,"jetpack_social_post_already_shared":true,"jetpack_social_options":{"image_generator_settings":{"template":"highway","default_image_id":0,"font":"","enabled":false},"version":2}},"categories":[21,14],"tags":[22,45],"class_list":["post-79136","post","type-post","status-publish","format-standard","has-post-thumbnail","hentry","category-aguascalientes","category-jesus-maria-aguascalientes","tag-aguascalientes","tag-jesus-maria-aguascalientes"],"jetpack_publicize_connections":[],"jetpack_featured_media_url":"https:\/\/i0.wp.com\/informativoelvalledeaguascalientes.online\/wp-content\/uploads\/2025\/11\/4d061afc-824d-462b-9d8e-f13f33910dc4-scaled.jpg?fit=2560%2C1709&ssl=1","jetpack-related-posts":[],"jetpack_sharing_enabled":true,"jetpack_likes_enabled":true,"_links":{"self":[{"href":"https:\/\/informativoelvalledeaguascalientes.online\/index.php?rest_route=\/wp\/v2\/posts\/79136","targetHints":{"allow":["GET"]}}],"collection":[{"href":"https:\/\/informativoelvalledeaguascalientes.online\/index.php?rest_route=\/wp\/v2\/posts"}],"about":[{"href":"https:\/\/informativoelvalledeaguascalientes.online\/index.php?rest_route=\/wp\/v2\/types\/post"}],"author":[{"embeddable":true,"href":"https:\/\/informativoelvalledeaguascalientes.online\/index.php?rest_route=\/wp\/v2\/users\/1"}],"replies":[{"embeddable":true,"href":"https:\/\/informativoelvalledeaguascalientes.online\/index.php?rest_route=%2Fwp%2Fv2%2Fcomments&post=79136"}],"version-history":[{"count":1,"href":"https:\/\/informativoelvalledeaguascalientes.online\/index.php?rest_route=\/wp\/v2\/posts\/79136\/revisions"}],"predecessor-version":[{"id":79138,"href":"https:\/\/informativoelvalledeaguascalientes.online\/index.php?rest_route=\/wp\/v2\/posts\/79136\/revisions\/79138"}],"wp:featuredmedia":[{"embeddable":true,"href":"https:\/\/informativoelvalledeaguascalientes.online\/index.php?rest_route=\/wp\/v2\/media\/79137"}],"wp:attachment":[{"href":"https:\/\/informativoelvalledeaguascalientes.online\/index.php?rest_route=%2Fwp%2Fv2%2Fmedia&parent=79136"}],"wp:term":[{"taxonomy":"category","embeddable":true,"href":"https:\/\/informativoelvalledeaguascalientes.online\/index.php?rest_route=%2Fwp%2Fv2%2Fcategories&post=79136"},{"taxonomy":"post_tag","embeddable":true,"href":"https:\/\/informativoelvalledeaguascalientes.online\/index.php?rest_route=%2Fwp%2Fv2%2Ftags&post=79136"}],"curies":[{"name":"wp","href":"https:\/\/api.w.org\/{rel}","templated":true}]}}