{"id":78980,"date":"2025-11-06T21:49:54","date_gmt":"2025-11-07T03:49:54","guid":{"rendered":"https:\/\/informativoelvalledeaguascalientes.online\/?p=78980"},"modified":"2025-11-06T21:49:54","modified_gmt":"2025-11-07T03:49:54","slug":"aguascalientes-legisla-hoy-sobre-inteligencia-artificial-seguridad-en-transporte-publico-vivienda-para-adultos-mayores-y-otros-temas-de-alto-impacto-social","status":"publish","type":"post","link":"https:\/\/informativoelvalledeaguascalientes.online\/?p=78980","title":{"rendered":"AGUASCALIENTES LEGISLA HOY SOBRE INTELIGENCIA ARTIFICIAL, SEGURIDAD EN TRANSPORTE P\u00daBLICO, VIVIENDA PARA ADULTOS MAYORES Y OTROS TEMAS DE ALTO IMPACTO SOCIAL"},"content":{"rendered":"<p class=\"p1\">#novaradioaguascalientes #informativoelvalledeaguascalientesll #Aguascalientes<\/p>\n<p>&nbsp;<\/p>\n<p class=\"p1\">\n<ul class=\"ul1\">\n<li class=\"li2\"><i>Los Grupos Parlamentarios del PAN y Fuerza por Aguascalientes tomaron la tribuna para hacer un en\u00e9rgico llamado a la federaci\u00f3n para combatir la crisis de inseguridad a nivel nacional.<\/i><\/li>\n<\/ul>\n<p>&nbsp;<\/p>\n<p class=\"p2\">Previo al inicio de los trabajos de la\u00a0<b>octava sesi\u00f3n ordinaria<\/b>\u00a0de la LXVI Legislatura del Congreso de Aguascalientes, el presidente de la Mesa Directiva,\u00a0<b>diputado Humberto Montero de Alba<\/b>, junto con las y los integrantes del Pleno y las personas presentes en el recinto oficial,\u00a0<b>guardaron un minuto de silencio en memoria de Carlos Alberto Manzo Rodr\u00edguez<\/b>, exalcalde de Uruapan, Michoac\u00e1n, quien fue asesinado el pasado 1 de noviembre. Con este acto, el Congreso local\u00a0<b>se sum\u00f3 al llamado nacional por la unidad y la paz<\/b>.<\/p>\n<p class=\"p2\">Acto seguido, las diputadas y los diputados continuaron con la aprobaci\u00f3n de diversas\u00a0<b>leyes e iniciativas con impacto positivo en beneficio de las familias de la entidad<\/b>, en materia de\u00a0<b>movilidad, deporte, justicia, desarrollo social, protecci\u00f3n civil, igualdad, familia y derechos de la ni\u00f1ez<\/b>.<\/p>\n<p class=\"p2\">Como primer punto del orden del d\u00eda, se emiti\u00f3 la\u00a0<b>Declaratoria de Validez Constitucional<\/b>, mediante la cual se declaran parte de la Constituci\u00f3n las\u00a0<b>reformas al art\u00edculo 59<\/b>\u00a0y la\u00a0<b>adici\u00f3n del art\u00edculo 59 A<\/b>, aprobadas mediante\u00a0<b>Decreto N\u00famero 259<\/b>\u00a0en sesi\u00f3n ordinaria del\u00a0<b>18 de septiembre de 2025<\/b>, en materia de\u00a0<b>designaci\u00f3n de la persona titular de la Fiscal\u00eda General del Estado<\/b>.<\/p>\n<p class=\"p2\">As\u00ed como la\u00a0<b>reforma al art\u00edculo 71<\/b>, aprobada mediante\u00a0<b>Decreto N\u00famero 271<\/b>\u00a0en sesi\u00f3n ordinaria celebrada el\u00a0<b>30 de septiembre de 2025<\/b>, en materia de\u00a0<b>inmuebles privados abandonados<\/b>. Ambas corresponden al\u00a0<b>Primer Periodo Ordinario de Sesiones del Segundo A\u00f1o de Ejercicio Constitucional de la LXVI Legislatura<\/b>.<\/p>\n<p class=\"p2\">Enseguida, se aprob\u00f3 por unanimidad el\u00a0<b>dictamen acumulado de la Comisi\u00f3n de Movilidad Sustentable y Transporte P\u00fablico<\/b>, que reforma diversas disposiciones de la\u00a0<b>Ley de Movilidad del Estado de Aguascalientes<\/b>, presentado por las y los diputados\u00a0<b>Humberto Montero de Alba, Ad\u00e1n Valdivia L\u00f3pez, Amisadai Castorena Romo, Jedsabel S\u00e1nchez Montes, Maximiliano Ram\u00edrez y Arlette Mu\u00f1oz<\/b>, integrantes de la bancada del\u00a0<b>Partido Acci\u00f3n Nacional<\/b>\u00a0y del\u00a0<b>Grupo Parlamentario Mixto Fuerza por Aguascalientes<\/b>, en materia de\u00a0<b>bot\u00f3n de alerta<\/b>.<\/p>\n<p class=\"p2\">El objetivo de la iniciativa consiste en que la\u00a0<b>herramienta tecnol\u00f3gica del bot\u00f3n de alerta<\/b>\u00a0sea un requisito obligatorio para la modalidad de transporte contratado a trav\u00e9s de plataformas digitales,\u00a0<b>homologando criterios y requisitos con el transporte p\u00fablico<\/b>. Asimismo, se establece que los veh\u00edculos destinados a dichas modalidades deber\u00e1n contar con un\u00a0<b>Sistema de Posicionamiento Global (GPS)<\/b>.<\/p>\n<p class=\"p2\">Tambi\u00e9n se aprob\u00f3 por unanimidad el\u00a0<b>dictamen de la Comisi\u00f3n de Familia y Derechos de la Ni\u00f1ez<\/b>, que reforma los art\u00edculos\u00a0<b>282 Bis y 292 del C\u00f3digo Civil del Estado de Aguascalientes<\/b>, presentado por la diputada\u00a0<b>Laura Ponce Luna<\/b>, en materia de\u00a0<b>cuidado psicol\u00f3gico de las infancias en procesos de divorcio<\/b>.<\/p>\n<p class=\"p2\">La propuesta busca\u00a0<b>proteger el derecho de ni\u00f1as y ni\u00f1os a recibir atenci\u00f3n psicol\u00f3gica<\/b>\u00a0durante los procesos de divorcio de sus progenitores. Entre los principales aspectos, destaca el siguiente apartado:<\/p>\n<p class=\"p2\"><b>Art\u00edculo 282 Bis.<\/b>\u00a0El juez, en todo el procedimiento y atendiendo a las circunstancias del caso, podr\u00e1 solicitar a las dependencias que cuenten con un \u00e1rea de atenci\u00f3n psicol\u00f3gica que realicen un diagn\u00f3stico psicol\u00f3gico o psiqui\u00e1trico a los hijos, as\u00ed como, en caso de ser necesario, les brinden el tratamiento adecuado. Los padres podr\u00e1n proponer a un psic\u00f3logo o psiquiatra en particular.<\/p>\n<p class=\"p2\">Posteriormente, se aprob\u00f3 con\u00a0<b>22 votos a favor<\/b>\u00a0el\u00a0<b>dictamen de la Comisi\u00f3n de Desarrollo Social<\/b>, que reforma el\u00a0<b>art\u00edculo 6\u00b0 de la Ley de Desarrollo Social para el Estado de Aguascalientes<\/b>, presentado por la diputada\u00a0<b>Ma. Guadalupe Mendoza Medrano<\/b>, con el objetivo de\u00a0<b>reconocer como sector social vulnerable a las personas migrantes en retorno originarias de Aguascalientes<\/b>.<\/p>\n<p class=\"p2\">Asimismo, se aval\u00f3 con\u00a0<b>23 votos a favor<\/b>\u00a0el\u00a0<b>dictamen de la Comisi\u00f3n de Recreaci\u00f3n y Deporte<\/b>, que reforma diversos art\u00edculos de la\u00a0<b>Ley de Cultura F\u00edsica y Deporte del Estado de Aguascalientes<\/b>, presentado por el diputado\u00a0<b>Amisadai Castorena Romo<\/b>, con el fin de\u00a0<b>incorporar el concepto de autocuidados<\/b>, promoviendo estilos de vida saludables que mejoren la calidad de vida de las personas.<\/p>\n<p class=\"p2\">De igual forma, se aprob\u00f3 por unanimidad el\u00a0<b>dictamen de las Comisiones Unidas de Igualdad Sustantiva y Equidad de G\u00e9nero<\/b>, as\u00ed como de\u00a0<b>Familia y Derechos de la Ni\u00f1ez<\/b>, que reforma los art\u00edculos\u00a0<b>5 y 25 de la Ley para la Protecci\u00f3n Especial de las Personas Adultas Mayores del Estado de Aguascalientes<\/b>, presentado por la diputada\u00a0<b>Arlette Mu\u00f1oz Cervantes<\/b>, en materia de\u00a0<b>derecho a vivienda digna<\/b>.<\/p>\n<p class=\"p2\">\nLa iniciativa propone la\u00a0<b>implementaci\u00f3n de un programa estatal de construcci\u00f3n y adaptaci\u00f3n de viviendas<\/b>\u00a0para personas adultas mayores.<\/p>\n<p class=\"p2\">Por otra parte, se aval\u00f3 por unanimidad el\u00a0<b>dictamen de la Comisi\u00f3n de Seguridad P\u00fablica y Protecci\u00f3n Civil<\/b>, que reforma el\u00a0<b>art\u00edculo 10 de la Ley de Protecci\u00f3n Civil para el Estado de Aguascalientes<\/b>, presentado por el diputado\u00a0<b>Emanuelle S\u00e1nchez N\u00e1jera<\/b>, con el objetivo de\u00a0<b>prevenir accidentes relacionados con el uso de pirotecnia<\/b>\u00a0mediante la incorporaci\u00f3n de medidas de seguridad y coordinaci\u00f3n entre los tres niveles de gobierno.<\/p>\n<p class=\"p2\">Tambi\u00e9n se aprob\u00f3 con\u00a0<b>23 votos a favor<\/b>\u00a0el\u00a0<b>dictamen acumulado de la Comisi\u00f3n de Justicia<\/b>, que reforma los art\u00edculos\u00a0<b>117 y 181 Bis del C\u00f3digo Penal del Estado de Aguascalientes<\/b>, presentado por integrantes de los grupos parlamentarios del\u00a0<b>Partido Acci\u00f3n Nacional<\/b>\u00a0y de\u00a0<b>Morena<\/b>, en materia de\u00a0<b>difusi\u00f3n no consentida de contenido sexual<\/b>.<\/p>\n<p class=\"p2\">Las modificaciones incluyen el\u00a0<b>concepto de inteligencia artificial<\/b>\u00a0dentro de los supuestos del delito de\u00a0<b>violaci\u00f3n a la intimidad personal<\/b>, y agregan una\u00a0<b>agravante aut\u00f3noma<\/b>\u00a0cuando la v\u00edctima sea\u00a0<b>menor de 18 a\u00f1os<\/b>\u00a0o una persona sin capacidad para comprender o resistir el hecho.<\/p>\n<p class=\"p2\">En el apartado de\u00a0<b>asuntos generales<\/b>, las diputadas y los diputados participaron con diversas intervenciones sobre temas de inter\u00e9s legislativo y social.<\/p>\n<p class=\"p4\"><b>Jedsabel S\u00e1nchez:<\/b>\u00a0Present\u00f3 un posicionamiento en respaldo a las y los productores agr\u00edcolas de diversos estados del pa\u00eds, quienes en las \u00faltimas semanas se han manifestado en las carreteras para denunciar el abandono del campo por parte del Gobierno Federal y exigir precios justos para sus cosechas, principalmente de ma\u00edz.<\/p>\n<p class=\"p4\"><b>Heriberto Gallegos:<\/b>\u00a0Propuso una iniciativa de reforma al art\u00edculo 13 de la\u00a0Ley de Educaci\u00f3n para el Estado de Aguascalientes, con el prop\u00f3sito de fomentar y fortalecer el uso adecuado del idioma espa\u00f1ol en todos los niveles educativos, mediante la implementaci\u00f3n de herramientas pedag\u00f3gicas que contribuyan a su ense\u00f1anza y correcto empleo.<\/p>\n<p class=\"p2\"><b>Alejandra Pe\u00f1a<\/b>: Expres\u00f3 un posicionamiento tras los recientes sucesos de violencia como el asesinato del presidente municipal de Uruapan, Michoac\u00e1n, Carlos Manzo Rodr\u00edguez, del que asegur\u00f3 \u201ceste hecho lamentable no debe dividirnos, pues las y los ciudadanos no piden unidad; por eso dejemos de lado la politiquer\u00eda y la raja pol\u00edtica\u201d.<\/p>\n<p class=\"p2\"><b>Daniela L\u00f3pez: <\/b>Ante la cifra de que en Aguascalientes hay \u201cmas 4 mil 500 ni\u00f1as y ni\u00f1os en con la condici\u00f3n del Espectro Autista, present\u00f3 la iniciativa de Ley estatal de Derechos, Protecci\u00f3n e Inclusi\u00f3n de las Personas con Espectro Autista.<\/p>\n<p class=\"p2\"><b>Mirna Medina: <\/b>Manifest\u00f3 que \u201cla violencia se infiltra en cada rinc\u00f3n de nuestro pa\u00eds, y s\u00ed es un problema que debemos atender todos; efectivamente Aguascalientes ya no es el mismo de hace 20 a\u00f1os, pues ahora hay desarrollo y mejor seguridad, y claro que los delincuentes de entidades vecinas quieren meterse a nuestro estado y por eso hago un llamado a dejar de lado las diferencias pol\u00edticas, reconocer nuestros propios errores, atender y prevenir estos hechos tan tr\u00e1gicos que provocan que seamos un Estado Mexicano en indefensi\u00f3n\u201d.<\/p>\n<p class=\"p2\"><b>Arlette Mu\u00f1oz: <\/b>Present\u00f3 una iniciativa de reforma a la Ley de Educaci\u00f3n del Estado para establecer de manera oportuna la alerta de ausencia escolar, con el prop\u00f3sito de reforzar los mecanismos interinstitucionales y de comunicaci\u00f3n inmediata entre autoridades y padres de familia.<\/p>\n<p class=\"p2\"><b>Yasz\u00fa Mu\u00f1oz: <\/b>Present\u00f3, a nombre del Grupo Parlamentario de MORENA, una iniciativa para que se castigue de manera severa el acoso sexual y se tipifique como delito.<\/p>\n<p class=\"p2\"><b>Rodrigo Cervantes: <\/b>Propuso una iniciativa que est\u00e1 encaminada a agilizar el proceso de expedici\u00f3n del t\u00edtulo de Licenciatura, estableciendo un plazo m\u00e1ximo de 180 d\u00edas naturales a partir de que las y los estudiantes acrediten todas las asignaturas, tesis o proyecto de titulaci\u00f3n.<\/p>\n<p class=\"p2\"><b>Rodrigo Mireles: <\/b>Fij\u00f3 un posicionamiento relacionado con el asesinato de Carlo Manzo, tras lo cual dijo que \u201ceste hecho de no debe dividirnos, pues requiere de la uni\u00f3n de las y los mexicanos; expreso mis condolencias a la familia del presidente municipal y les decimos que no est\u00e1n solos\u201d.<\/p>\n<p class=\"p2\"><b>Emanuelle S\u00e1nchez N\u00e1jera: <\/b>Estableci\u00f3 un posicionamiento con respecto al asesinato del presidente municipal Uruapan, Michoac\u00e1n, Carlos Manzo, ante el cual lanz\u00f3 \u201cen lo que va de este gobierno federal ya son 10 alcaldes asesinados en funciones. Las autoridades federales act\u00faan tarde y est\u00e1n rebasadas por el crimen organizado; este hecho fue un mensaje claro y de amedrentamiento: lo mataron frente a su familia, frente a cientos de ciudadanas y ciudadanos. Por ello, hago una exigencia a las autoridades para que se hagan cargo de la seguridad p\u00fablica, para que hagan una limpia al interior de las corporaciones, pues estamos hartos de la inseguridad, de la corrupci\u00f3n gubernamental, pero tenemos coraje, tristeza y desesperaci\u00f3n\u201d.<\/p>\n<p class=\"p2\">Tras esta participaci\u00f3n, se suscit\u00f3 un debate en el que participaron las y los legisladores Ana G\u00f3mez, Rodrigo Mireles, Alejandra Pe\u00f1a, Mirna Medina y Emanuelle S\u00e1nchez N\u00e1jera.<\/p>\n<p class=\"p2\"><b>Salvador Alcal\u00e1:<\/b> Present\u00f3, de manera conjunta con el diputado Rodrigo Cervantes, una iniciativa de reforma a la Ley de Ciencia y Tecnolog\u00eda, Innovaci\u00f3n y Emprendimiento, con el prop\u00f3sito de incorporar, entre otras cosas, el concepto de Industria 4.0, con miras a promover la digitalizaci\u00f3n, la automatizaci\u00f3n y eficiencia en los procesos industriales.<\/p>\n<p class=\"p2\"><b>Humberto Montero de Alba: <\/b>Propuso una iniciativa de reforma a los ordenamientos de protecci\u00f3n al medio ambiente, a la ley que regula obras p\u00fablicas y al C\u00f3digo Urbano, la cual contempla mecanismos para la re utilizaci\u00f3n de materiales reciclados como las llantas viejas, de las cuales el caucho destinado para asfalto, por ejemplo.<\/p>\n<p class=\"p2\">Tras esta participaci\u00f3n, el presidente de la mesa directiva, diputado Humberto Montero de Alba, procedi\u00f3 con la clausura de los trabajos de la presente sesi\u00f3n, al tiempo que convoc\u00f3 al Pleno para la pr\u00f3xima asamblea se desarrolle el jueves 13 de noviembre, a partir de las 10:00 horas.<\/p>\n","protected":false},"excerpt":{"rendered":"<p>#novaradioaguascalientes #informativoelvalledeaguascalientesll #Aguascalientes &nbsp; Los Grupos Parlamentarios del PAN y Fuerza por Aguascalientes tomaron la tribuna para hacer un en\u00e9rgico llamado a la federaci\u00f3n para combatir la crisis de inseguridad a nivel nacional. &nbsp; Previo al inicio de los trabajos de la\u00a0octava sesi\u00f3n ordinaria\u00a0de la LXVI Legislatura del Congreso de Aguascalientes, el presidente de la [&hellip;]<\/p>\n","protected":false},"author":1,"featured_media":78981,"comment_status":"closed","ping_status":"open","sticky":false,"template":"","format":"standard","meta":{"advanced_seo_description":"","jetpack_seo_html_title":"","jetpack_seo_noindex":false,"_jetpack_memberships_contains_paid_content":false,"footnotes":"","jetpack_publicize_message":"","jetpack_publicize_feature_enabled":true,"jetpack_social_post_already_shared":true,"jetpack_social_options":{"image_generator_settings":{"template":"highway","default_image_id":0,"font":"","enabled":false},"version":2}},"categories":[21,5],"tags":[22,872],"class_list":["post-78980","post","type-post","status-publish","format-standard","has-post-thumbnail","hentry","category-aguascalientes","category-h-congreso-del-estado-aguascalientes","tag-aguascalientes","tag-lxvi-legislatura-aguascalientes"],"jetpack_publicize_connections":[],"jetpack_featured_media_url":"https:\/\/i0.wp.com\/informativoelvalledeaguascalientes.online\/wp-content\/uploads\/2025\/11\/4a1a5fa5-0046-4d3e-a69d-0c71885e3492.jpg?fit=1225%2C817&ssl=1","jetpack-related-posts":[],"jetpack_sharing_enabled":true,"jetpack_likes_enabled":true,"_links":{"self":[{"href":"https:\/\/informativoelvalledeaguascalientes.online\/index.php?rest_route=\/wp\/v2\/posts\/78980","targetHints":{"allow":["GET"]}}],"collection":[{"href":"https:\/\/informativoelvalledeaguascalientes.online\/index.php?rest_route=\/wp\/v2\/posts"}],"about":[{"href":"https:\/\/informativoelvalledeaguascalientes.online\/index.php?rest_route=\/wp\/v2\/types\/post"}],"author":[{"embeddable":true,"href":"https:\/\/informativoelvalledeaguascalientes.online\/index.php?rest_route=\/wp\/v2\/users\/1"}],"replies":[{"embeddable":true,"href":"https:\/\/informativoelvalledeaguascalientes.online\/index.php?rest_route=%2Fwp%2Fv2%2Fcomments&post=78980"}],"version-history":[{"count":1,"href":"https:\/\/informativoelvalledeaguascalientes.online\/index.php?rest_route=\/wp\/v2\/posts\/78980\/revisions"}],"predecessor-version":[{"id":78982,"href":"https:\/\/informativoelvalledeaguascalientes.online\/index.php?rest_route=\/wp\/v2\/posts\/78980\/revisions\/78982"}],"wp:featuredmedia":[{"embeddable":true,"href":"https:\/\/informativoelvalledeaguascalientes.online\/index.php?rest_route=\/wp\/v2\/media\/78981"}],"wp:attachment":[{"href":"https:\/\/informativoelvalledeaguascalientes.online\/index.php?rest_route=%2Fwp%2Fv2%2Fmedia&parent=78980"}],"wp:term":[{"taxonomy":"category","embeddable":true,"href":"https:\/\/informativoelvalledeaguascalientes.online\/index.php?rest_route=%2Fwp%2Fv2%2Fcategories&post=78980"},{"taxonomy":"post_tag","embeddable":true,"href":"https:\/\/informativoelvalledeaguascalientes.online\/index.php?rest_route=%2Fwp%2Fv2%2Ftags&post=78980"}],"curies":[{"name":"wp","href":"https:\/\/api.w.org\/{rel}","templated":true}]}}