{"id":78529,"date":"2025-10-27T14:54:53","date_gmt":"2025-10-27T20:54:53","guid":{"rendered":"https:\/\/informativoelvalledeaguascalientes.online\/?p=78529"},"modified":"2025-10-27T14:54:53","modified_gmt":"2025-10-27T20:54:53","slug":"mexico-sera-por-primera-vez-sede-de-la-57a-conferencia-mundial-de-alfabetizacion-visual-la-uaa-albergara-el-encuentro","status":"publish","type":"post","link":"https:\/\/informativoelvalledeaguascalientes.online\/?p=78529","title":{"rendered":"M\u00e9xico ser\u00e1, por primera vez, sede de la 57\u00aa Conferencia Mundial de Alfabetizaci\u00f3n Visual: la UAA albergar\u00e1 el encuentro"},"content":{"rendered":"<p class=\"p1\">#informativoelvalledeaguascalientes<span class=\"Apple-converted-space\">\u00a0 <\/span>#novaradioaguascalientes #informativoelvalledeaguascalientesll #Aguascalientes<\/p>\n<p>&nbsp;<\/p>\n<p class=\"p1\">\n<ul class=\"ul1\">\n<li class=\"li3\"><b><i><\/i><\/b><span class=\"s1\"><b><i>Acad\u00e9micos de varias universidades globales se reunir\u00e1n en Aguascalientes para explorar el poder de las im\u00e1genes en los espacios sagrados y festivos, coincidiendo con el D\u00eda de Muertos.<\/i><\/b><\/span><\/li>\n<li class=\"li4\"><b><i><\/i><\/b><span class=\"s1\"><b><i>El programa completo ya puede consultarse en la p\u00e1gina de la Conferencia, ivla.org.<\/i><\/b><\/span><\/li>\n<\/ul>\n<p>&nbsp;<\/p>\n<p class=\"p6\">La Universidad Aut\u00f3noma de Aguascalientes ser\u00e1 la sede de la 57\u00aa Conferencia Anual de la Asociaci\u00f3n Internacional de Alfabetizaci\u00f3n Visual (IVLA) del 31 de octubre al 2 de noviembre de 2025. Este evento marca un hito importante, ya que ser\u00e1 la primera vez que este congreso, con una trayectoria de m\u00e1s de 40 a\u00f1os, se celebra en M\u00e9xico.<\/p>\n<p class=\"p6\">El concepto de \u201calfabetizaci\u00f3n visual\u201d lo defini\u00f3 Jack Debes en 1969 como: \u201cel conjunto de competencias visuales que un ser humano puede desarrollar al ver y al mismo tiempo, tener e integrar otras experiencias sensoriales\u201d.<\/p>\n<p class=\"p6\">La IVLA es una organizaci\u00f3n interdisciplinaria de profesionales dedicada a comprender c\u00f3mo las personas obtienen significado de lo que ven y c\u00f3mo interact\u00faan con su entorno visual.<\/p>\n<p class=\"p6\">Esta Conferencia subraya el poder de las im\u00e1genes para evocar experiencias trascendentales y fomentar v\u00ednculos comunitarios. Las im\u00e1genes act\u00faan para comunicar significados complejos y evocar profundas respuestas emocionales en rituales culturales y festividades.<\/p>\n<p class=\"p6\">El Dr. Ricardo L\u00f3pez Le\u00f3n, profesor investigador del Departamento de Dise\u00f1o Gr\u00e1fico de la UAA comparti\u00f3 que el tema de la conferencia de este a\u00f1o es &#8220;El poder de las im\u00e1genes en espacios sagrados y festivos&#8221;, el cual fue seleccionado para trabajar sobre los simbolismos, los colores y la rica tradici\u00f3n del D\u00eda de Muertos en M\u00e9xico, ofreciendo a los participantes internacionales una perspectiva \u00fanica.<\/p>\n<p class=\"p6\">Es as\u00ed que este congreso reunir\u00e1 a estudiosos, acad\u00e9micos, pedagogos, artistas, muse\u00f3grafos e historiadores de diversas partes del mundo. Se espera la participaci\u00f3n de ponentes de prestigiosas universidades como la Concordia University de Canad\u00e1; Universidad de Parma, Italia; Arizona State University de Estados Unidos, Indiana University; University of Miami; San Diego State University, as\u00ed como la University of Edinburgh de Escocia.<\/p>\n<p class=\"p6\">55 ponentes presentar\u00e1n sus trabajos en un formato \u00fanico, incluyendo las &#8220;camp fire sessions,&#8221; charlas informales y din\u00e1micas dise\u00f1adas para fomentar la interacci\u00f3n y el debate. Las actividades no solo se limitar\u00e1n a la academia, ya que tambi\u00e9n se han organizado visitas culturales a lugares emblem\u00e1ticos de Aguascalientes, como el Museo Posada, el Pante\u00f3n de los \u00c1ngeles y el desfile del D\u00eda de Muertos.<\/p>\n<p class=\"p6\">Aunque el registro de ponentes y asistentes for\u00e1neos ha cerrado, los estudiantes y profesores de la comunidad UAA tendr\u00e1n acceso gratuito a las charlas y ponencias, bastar\u00e1 que se acerquen a la mesa de registro estos d\u00edas para poder acceder.<\/p>\n<p class=\"p6\">Para conocer el programa completo y los temas que se abordar\u00e1n, se puede visitar el sitio web oficial de la IVLA en: ivla.org, en la secci\u00f3n de conferencias.<\/p>\n<p class=\"p6\">Finalmente, el Dr. L\u00f3pez Le\u00f3n enfatiz\u00f3 que la visibilidad que este congreso le otorga a la UAA es realmente un beneficio mutuo: \u201cdestacamos la proyecci\u00f3n internacional de la universidad y a la Conferencia, al tiempo que se abona al acercamiento de colegas para saber qu\u00e9 es lo que se est\u00e1 trabajando en otras partes del mundo, todo en relaci\u00f3n con la alfabetizaci\u00f3n visual\u201d.<\/p>\n","protected":false},"excerpt":{"rendered":"<p>#informativoelvalledeaguascalientes\u00a0 #novaradioaguascalientes #informativoelvalledeaguascalientesll #Aguascalientes &nbsp; Acad\u00e9micos de varias universidades globales se reunir\u00e1n en Aguascalientes para explorar el poder de las im\u00e1genes en los espacios sagrados y festivos, coincidiendo con el D\u00eda de Muertos. El programa completo ya puede consultarse en la p\u00e1gina de la Conferencia, ivla.org. &nbsp; La Universidad Aut\u00f3noma de Aguascalientes ser\u00e1 la sede [&hellip;]<\/p>\n","protected":false},"author":1,"featured_media":78530,"comment_status":"closed","ping_status":"open","sticky":false,"template":"","format":"standard","meta":{"advanced_seo_description":"","jetpack_seo_html_title":"","jetpack_seo_noindex":false,"_jetpack_memberships_contains_paid_content":false,"footnotes":"","jetpack_publicize_message":"","jetpack_publicize_feature_enabled":true,"jetpack_social_post_already_shared":true,"jetpack_social_options":{"image_generator_settings":{"template":"highway","default_image_id":0,"font":"","enabled":false},"version":2}},"categories":[21,629],"tags":[22,142],"class_list":["post-78529","post","type-post","status-publish","format-standard","has-post-thumbnail","hentry","category-aguascalientes","category-universidad-autonoma-de-aguascalientes","tag-aguascalientes","tag-uaa"],"jetpack_publicize_connections":[],"jetpack_featured_media_url":"https:\/\/i0.wp.com\/informativoelvalledeaguascalientes.online\/wp-content\/uploads\/2025\/10\/diseno-grafico-.jpeg?fit=1064%2C707&ssl=1","jetpack-related-posts":[],"jetpack_sharing_enabled":true,"jetpack_likes_enabled":true,"_links":{"self":[{"href":"https:\/\/informativoelvalledeaguascalientes.online\/index.php?rest_route=\/wp\/v2\/posts\/78529","targetHints":{"allow":["GET"]}}],"collection":[{"href":"https:\/\/informativoelvalledeaguascalientes.online\/index.php?rest_route=\/wp\/v2\/posts"}],"about":[{"href":"https:\/\/informativoelvalledeaguascalientes.online\/index.php?rest_route=\/wp\/v2\/types\/post"}],"author":[{"embeddable":true,"href":"https:\/\/informativoelvalledeaguascalientes.online\/index.php?rest_route=\/wp\/v2\/users\/1"}],"replies":[{"embeddable":true,"href":"https:\/\/informativoelvalledeaguascalientes.online\/index.php?rest_route=%2Fwp%2Fv2%2Fcomments&post=78529"}],"version-history":[{"count":1,"href":"https:\/\/informativoelvalledeaguascalientes.online\/index.php?rest_route=\/wp\/v2\/posts\/78529\/revisions"}],"predecessor-version":[{"id":78531,"href":"https:\/\/informativoelvalledeaguascalientes.online\/index.php?rest_route=\/wp\/v2\/posts\/78529\/revisions\/78531"}],"wp:featuredmedia":[{"embeddable":true,"href":"https:\/\/informativoelvalledeaguascalientes.online\/index.php?rest_route=\/wp\/v2\/media\/78530"}],"wp:attachment":[{"href":"https:\/\/informativoelvalledeaguascalientes.online\/index.php?rest_route=%2Fwp%2Fv2%2Fmedia&parent=78529"}],"wp:term":[{"taxonomy":"category","embeddable":true,"href":"https:\/\/informativoelvalledeaguascalientes.online\/index.php?rest_route=%2Fwp%2Fv2%2Fcategories&post=78529"},{"taxonomy":"post_tag","embeddable":true,"href":"https:\/\/informativoelvalledeaguascalientes.online\/index.php?rest_route=%2Fwp%2Fv2%2Ftags&post=78529"}],"curies":[{"name":"wp","href":"https:\/\/api.w.org\/{rel}","templated":true}]}}