{"id":78518,"date":"2025-10-27T14:37:01","date_gmt":"2025-10-27T20:37:01","guid":{"rendered":"https:\/\/informativoelvalledeaguascalientes.online\/?p=78518"},"modified":"2025-10-27T14:37:01","modified_gmt":"2025-10-27T20:37:01","slug":"invita-municipio-de-aguascalientes-al-festival-en-beneficio-de-la-academia-taurina-municipal","status":"publish","type":"post","link":"https:\/\/informativoelvalledeaguascalientes.online\/?p=78518","title":{"rendered":"INVITA MUNICIPIO DE AGUASCALIENTES AL FESTIVAL EN BENEFICIO DE LA ACADEMIA TAURINA MUNICIPAL"},"content":{"rendered":"<p class=\"p1\">#informativoelvalledeaguascalientes<span class=\"Apple-converted-space\">\u00a0 <\/span>#novaradioaguascalientes #informativoelvalledeaguascalientesll #Aguascalientes<\/p>\n<p>&nbsp;<\/p>\n<ul>\n<li><strong><em>Se llevar\u00e1 a cabo el s\u00e1bado 1 de noviembre a las 17:30 horas en la Monumental de Aguascalientes<\/em><\/strong><\/li>\n<li><strong><em>La totalidad de lo que se recaude en la taquilla ser\u00e1 para la Academia Taurina Municipal Alfonso Ram\u00edrez \u201cEl Calesero\u201d<\/em><\/strong><\/li>\n<\/ul>\n<p>&nbsp;<\/p>\n<p>Este s\u00e1bado 1 de noviembre, la Monumental Plaza de Toros se convertir\u00e1 en el epicentro de la emoci\u00f3n y la pasi\u00f3n con la presencia de seis grandes figuras del toreo, en la que destaca la participaci\u00f3n del rejoneador mexicano,\u00a0<strong>Emiliano Gamero<\/strong>; el maestro hidroc\u00e1lido en retiro,\u00a0<strong>Luis Fernando S\u00e1nchez<\/strong>; el triunfador de todas las plazas,\u00a0<strong>Borja Jim\u00e9nez<\/strong>; el venezolano,\u00a0<strong>Jes\u00fas Enrique Colombo<\/strong>; el triunfador de la Feria de la Uva 2025,\u00a0<strong>Miguel Aguilar<\/strong>\u00a0y la nueva figura del toreo,\u00a0<strong>Marco P\u00e9rez,\u00a0<\/strong>quienes lidiar\u00e1n astados de las ganader\u00edas de San Isidro, Santa Fe del Campo, De la Mora, Campo Real, Santa In\u00e9s, Puerta del Cielo y La Asunci\u00f3n.<\/p>\n<p>Este cartel marca el regreso a la Plaza Monumental del matador de toros hidroc\u00e1lido en retiro y maestro de la Academia,\u00a0<strong>Luis Fernando S\u00e1nchez,<\/strong>\u00a0qui\u00e9n volver\u00e1 a torear en p\u00fablico 22 a\u00f1os despu\u00e9s de su retiro de los ruedos.<\/p>\n<p>Este ser\u00e1 el cuarto festival a beneficio de la Academia Taurina que se realice y forma parte de los festejos anunciados por la empresa Espect\u00e1culos Monterrey que conforman La Feria de Oto\u00f1o para celebrar los 450 a\u00f1os de la Fundaci\u00f3n de la ciudad de Aguascalientes.<\/p>\n","protected":false},"excerpt":{"rendered":"<p>#informativoelvalledeaguascalientes\u00a0 #novaradioaguascalientes #informativoelvalledeaguascalientesll #Aguascalientes &nbsp; Se llevar\u00e1 a cabo el s\u00e1bado 1 de noviembre a las 17:30 horas en la Monumental de Aguascalientes La totalidad de lo que se recaude en la taquilla ser\u00e1 para la Academia Taurina Municipal Alfonso Ram\u00edrez \u201cEl Calesero\u201d &nbsp; Este s\u00e1bado 1 de noviembre, la Monumental Plaza de Toros se [&hellip;]<\/p>\n","protected":false},"author":1,"featured_media":78519,"comment_status":"closed","ping_status":"open","sticky":false,"template":"","format":"standard","meta":{"advanced_seo_description":"","jetpack_seo_html_title":"","jetpack_seo_noindex":false,"_jetpack_memberships_contains_paid_content":false,"footnotes":"","jetpack_publicize_message":"","jetpack_publicize_feature_enabled":true,"jetpack_social_post_already_shared":true,"jetpack_social_options":{"image_generator_settings":{"template":"highway","default_image_id":0,"font":"","enabled":false},"version":2}},"categories":[21,3],"tags":[22,25],"class_list":["post-78518","post","type-post","status-publish","format-standard","has-post-thumbnail","hentry","category-aguascalientes","category-municipio-aguascalientes","tag-aguascalientes","tag-mpio-aguascalientes"],"jetpack_publicize_connections":[],"jetpack_featured_media_url":"https:\/\/i0.wp.com\/informativoelvalledeaguascalientes.online\/wp-content\/uploads\/2025\/10\/NZC_6924-scaled-1.jpg?fit=2560%2C1707&ssl=1","jetpack-related-posts":[],"jetpack_sharing_enabled":true,"jetpack_likes_enabled":true,"_links":{"self":[{"href":"https:\/\/informativoelvalledeaguascalientes.online\/index.php?rest_route=\/wp\/v2\/posts\/78518","targetHints":{"allow":["GET"]}}],"collection":[{"href":"https:\/\/informativoelvalledeaguascalientes.online\/index.php?rest_route=\/wp\/v2\/posts"}],"about":[{"href":"https:\/\/informativoelvalledeaguascalientes.online\/index.php?rest_route=\/wp\/v2\/types\/post"}],"author":[{"embeddable":true,"href":"https:\/\/informativoelvalledeaguascalientes.online\/index.php?rest_route=\/wp\/v2\/users\/1"}],"replies":[{"embeddable":true,"href":"https:\/\/informativoelvalledeaguascalientes.online\/index.php?rest_route=%2Fwp%2Fv2%2Fcomments&post=78518"}],"version-history":[{"count":1,"href":"https:\/\/informativoelvalledeaguascalientes.online\/index.php?rest_route=\/wp\/v2\/posts\/78518\/revisions"}],"predecessor-version":[{"id":78520,"href":"https:\/\/informativoelvalledeaguascalientes.online\/index.php?rest_route=\/wp\/v2\/posts\/78518\/revisions\/78520"}],"wp:featuredmedia":[{"embeddable":true,"href":"https:\/\/informativoelvalledeaguascalientes.online\/index.php?rest_route=\/wp\/v2\/media\/78519"}],"wp:attachment":[{"href":"https:\/\/informativoelvalledeaguascalientes.online\/index.php?rest_route=%2Fwp%2Fv2%2Fmedia&parent=78518"}],"wp:term":[{"taxonomy":"category","embeddable":true,"href":"https:\/\/informativoelvalledeaguascalientes.online\/index.php?rest_route=%2Fwp%2Fv2%2Fcategories&post=78518"},{"taxonomy":"post_tag","embeddable":true,"href":"https:\/\/informativoelvalledeaguascalientes.online\/index.php?rest_route=%2Fwp%2Fv2%2Ftags&post=78518"}],"curies":[{"name":"wp","href":"https:\/\/api.w.org\/{rel}","templated":true}]}}