{"id":78515,"date":"2025-10-27T14:32:43","date_gmt":"2025-10-27T20:32:43","guid":{"rendered":"https:\/\/informativoelvalledeaguascalientes.online\/?p=78515"},"modified":"2025-10-27T14:32:43","modified_gmt":"2025-10-27T20:32:43","slug":"tere-jimenez-entrega-obras-que-mejoran-la-primaria-ninos-heroes-de-jesus-maria","status":"publish","type":"post","link":"https:\/\/informativoelvalledeaguascalientes.online\/?p=78515","title":{"rendered":"TERE JIM\u00c9NEZ ENTREGA OBRAS QUE MEJORAN LA PRIMARIA \u201cNI\u00d1OS H\u00c9ROES\u201d DE JES\u00daS MAR\u00cdA"},"content":{"rendered":"<p class=\"p1\">#informativoelvalledeaguascalientes<span class=\"Apple-converted-space\">\u00a0 <\/span>#novaradioaguascalientes #informativoelvalledeaguascalientesll #Aguascalientes<\/p>\n<p>&nbsp;<\/p>\n<p>&nbsp;<\/p>\n<p>* Las obras de rehabilitaci\u00f3n benefician a m\u00e1s de 320 alumnas y alumnos, docentes y personal administrativo<br \/>\n* Consisti\u00f3 en la reconstrucci\u00f3n de la barda perimetral norte, impermeabilizaci\u00f3n general, rehabilitaci\u00f3n de andadores, rampas, plaza c\u00edvica y firmes de acceso<br \/>\n* Con estas acciones se consolidan espacios educativos m\u00e1s seguros, dignos y accesibles en la entidad<\/p>\n<p>Como parte de su compromiso con la mejora de los espacios escolares y la calidad educativa, la gobernadora de Aguascalientes, Tere Jim\u00e9nez, entreg\u00f3 obras de infraestructura en la Escuela Primaria \u201cNi\u00f1os H\u00e9roes\u201d, ubicada en la comunidad de Paso Blanco, en el municipio de Jes\u00fas Mar\u00eda.<\/p>\n<p>\u201cLos sue\u00f1os se cumplen al estudiar y asistir a la escuela; se cumplen con mucho esfuerzo para que el d\u00eda de ma\u00f1ana sean los pr\u00f3ximos arquitectos, doctores, ingenieros y maestros. Vamos a ayudar a Jes\u00fas Mar\u00eda y a trabajar para que ustedes est\u00e9n mucho mejor\u201d, les dijo la gobernadora a las ni\u00f1as y ni\u00f1os tras encabezar los honores a la bandera.<\/p>\n<p>Durante el acto c\u00edvico, la gobernadora destac\u00f3 que una escuela en buenas condiciones contribuye directamente al aprendizaje, la seguridad y el desarrollo integral de los estudiantes.<\/p>\n<p>J. Jes\u00fas Lara Ram\u00edrez, director general del Instituto de Infraestructura F\u00edsica Educativa del Estado de Aguascalientes, resalt\u00f3 que la inversi\u00f3n en esta infraestructura fue de 2.5 millones de pesos, en beneficio de m\u00e1s de 320 estudiantes, personal docente y administrativo.<\/p>\n<p>Explic\u00f3 que la obra consisti\u00f3 en la demolici\u00f3n y reconstrucci\u00f3n de la barda perimetral norte, impermeabilizaci\u00f3n general, rehabilitaci\u00f3n de andadores, rampas, plaza c\u00edvica y firmes de acceso. \u201cEstas acciones se realizan para que las y los alumnos tengan las mejores instalaciones\u201d, agreg\u00f3 Lara Ram\u00edrez.<\/p>\n<p>El presidente municipal de Jes\u00fas Mar\u00eda, C\u00e9sar Medina Cervantes, reconoci\u00f3 que gracias al respaldo de la administraci\u00f3n estatal se han logrado importantes avances en diversos rubros.<\/p>\n<p>\u201cTenemos una gobernadora muy comprometida; siempre lo he dicho, cuando Tere Jim\u00e9nez viene a Jes\u00fas Mar\u00eda, siempre trae buenas noticias. Gracias, gobernadora, porque tu apuesta por la educaci\u00f3n, el campo, la obra p\u00fablica, el agua y todos los rubros, se refleja en los municipios\u201d, resalt\u00f3 Medina Cervantes.<\/p>\n<p>Mar\u00eda Eugenia Pedroza Morales, directora del plantel, agradeci\u00f3 a la gobernadora por realizar estas mejoras en la escuela. \u201cSabemos que invertir en educaci\u00f3n es apostar por el futuro y usted ha demostrado con hechos que cree firmemente en ello, cada obra realizada en nuestra escuela es una oportunidad m\u00e1s para que nuestros alumnos aprendan, crezcan y construyan una mejor sociedad\u201d, indic\u00f3.<\/p>\n<p>El alumno Dar\u00edo Alejandro Mej\u00eda Collazo, dio un mensaje a nombre de la comunidad estudiantil: \u201cGracias por pensar en nosotros, por preocuparse por nuestra educaci\u00f3n y por ayudarnos a embellecer la primaria. Esperamos seguir contando con su apoyo. Le damos las gracias con todo el coraz\u00f3n\u201d, finaliz\u00f3.<\/p>\n<p>En el pres\u00eddium, acompa\u00f1aron a la gobernadora Tere Jim\u00e9nez el director general del Instituto de Educaci\u00f3n de Aguascalientes, Luis Enrique Guti\u00e9rrez Reynoso; la diputada Luc\u00eda de Le\u00f3n Urs\u00faa, presidenta de la Comisi\u00f3n de Educaci\u00f3n y Cultura del H. Congreso del Estado; la diputada local Laura Patricia Ponce Luna; Claudia Gil Ruvalcaba, titular del Sistema de Asesor\u00eda y Acompa\u00f1amiento a las Escuelas (SisAAE) de Jes\u00fas Mar\u00eda; Vicente P\u00e9rez Almanza, titular del programa Guardianes del Agua; as\u00ed como Norma Guadalupe Brice\u00f1o L\u00f3pez, presidenta de la Asociaci\u00f3n de Padres de Familia.<\/p>\n<p>&nbsp;<\/p>\n<p>&nbsp;<\/p>\n","protected":false},"excerpt":{"rendered":"<p>#informativoelvalledeaguascalientes\u00a0 #novaradioaguascalientes #informativoelvalledeaguascalientesll #Aguascalientes &nbsp; &nbsp; * Las obras de rehabilitaci\u00f3n benefician a m\u00e1s de 320 alumnas y alumnos, docentes y personal administrativo * Consisti\u00f3 en la reconstrucci\u00f3n de la barda perimetral norte, impermeabilizaci\u00f3n general, rehabilitaci\u00f3n de andadores, rampas, plaza c\u00edvica y firmes de acceso * Con estas acciones se consolidan espacios educativos m\u00e1s seguros, [&hellip;]<\/p>\n","protected":false},"author":1,"featured_media":78516,"comment_status":"closed","ping_status":"open","sticky":false,"template":"","format":"standard","meta":{"advanced_seo_description":"","jetpack_seo_html_title":"","jetpack_seo_noindex":false,"_jetpack_memberships_contains_paid_content":false,"footnotes":"","jetpack_publicize_message":"","jetpack_publicize_feature_enabled":true,"jetpack_social_post_already_shared":true,"jetpack_social_options":{"image_generator_settings":{"template":"highway","default_image_id":0,"font":"","enabled":false},"version":2}},"categories":[21,4],"tags":[22,615,39,320],"class_list":["post-78515","post","type-post","status-publish","format-standard","has-post-thumbnail","hentry","category-aguascalientes","category-gobierno-del-estado-aguascalientes","tag-aguascalientes","tag-gobierno-del-estado-de-aguascalientes","tag-iea","tag-tere-jimenez"],"jetpack_publicize_connections":[],"jetpack_featured_media_url":"https:\/\/i0.wp.com\/informativoelvalledeaguascalientes.online\/wp-content\/uploads\/2025\/10\/a1a2ec6c-696b-46d7-b1ce-bddcc62830ea.jpg?fit=1280%2C853&ssl=1","jetpack-related-posts":[],"jetpack_sharing_enabled":true,"jetpack_likes_enabled":true,"_links":{"self":[{"href":"https:\/\/informativoelvalledeaguascalientes.online\/index.php?rest_route=\/wp\/v2\/posts\/78515","targetHints":{"allow":["GET"]}}],"collection":[{"href":"https:\/\/informativoelvalledeaguascalientes.online\/index.php?rest_route=\/wp\/v2\/posts"}],"about":[{"href":"https:\/\/informativoelvalledeaguascalientes.online\/index.php?rest_route=\/wp\/v2\/types\/post"}],"author":[{"embeddable":true,"href":"https:\/\/informativoelvalledeaguascalientes.online\/index.php?rest_route=\/wp\/v2\/users\/1"}],"replies":[{"embeddable":true,"href":"https:\/\/informativoelvalledeaguascalientes.online\/index.php?rest_route=%2Fwp%2Fv2%2Fcomments&post=78515"}],"version-history":[{"count":1,"href":"https:\/\/informativoelvalledeaguascalientes.online\/index.php?rest_route=\/wp\/v2\/posts\/78515\/revisions"}],"predecessor-version":[{"id":78517,"href":"https:\/\/informativoelvalledeaguascalientes.online\/index.php?rest_route=\/wp\/v2\/posts\/78515\/revisions\/78517"}],"wp:featuredmedia":[{"embeddable":true,"href":"https:\/\/informativoelvalledeaguascalientes.online\/index.php?rest_route=\/wp\/v2\/media\/78516"}],"wp:attachment":[{"href":"https:\/\/informativoelvalledeaguascalientes.online\/index.php?rest_route=%2Fwp%2Fv2%2Fmedia&parent=78515"}],"wp:term":[{"taxonomy":"category","embeddable":true,"href":"https:\/\/informativoelvalledeaguascalientes.online\/index.php?rest_route=%2Fwp%2Fv2%2Fcategories&post=78515"},{"taxonomy":"post_tag","embeddable":true,"href":"https:\/\/informativoelvalledeaguascalientes.online\/index.php?rest_route=%2Fwp%2Fv2%2Ftags&post=78515"}],"curies":[{"name":"wp","href":"https:\/\/api.w.org\/{rel}","templated":true}]}}