{"id":78397,"date":"2025-10-23T23:01:23","date_gmt":"2025-10-24T05:01:23","guid":{"rendered":"https:\/\/informativoelvalledeaguascalientes.online\/?p=78397"},"modified":"2025-10-23T23:01:23","modified_gmt":"2025-10-24T05:01:23","slug":"tere-jimenez-entrega-apoyos-a-900-familias-de-san-francisco-de-los-romo-para-que-puedan-mejorar-sus-viviendas","status":"publish","type":"post","link":"https:\/\/informativoelvalledeaguascalientes.online\/?p=78397","title":{"rendered":"TERE JIM\u00c9NEZ ENTREGA APOYOS A 900 FAMILIAS DE SAN FRANCISCO DE LOS ROMO PARA QUE PUEDAN MEJORAR SUS VIVIENDAS"},"content":{"rendered":"<p class=\"p1\">#informativoelvalledeaguascalientes<span class=\"Apple-converted-space\">\u00a0 <\/span>#novaradioaguascalientes #informativoelvalledeaguascalientesll #Aguascalientes<\/p>\n<p>&nbsp;<\/p>\n<p>&nbsp;<\/p>\n<p>Para elevar la calidad de vida de la poblaci\u00f3n m\u00e1s vulnerable de Aguascalientes, la gobernadora Tere Jim\u00e9nez entreg\u00f3 apoyos a m\u00e1s de 900 familias del municipio de San Francisco de los Romo para que mejoren sus viviendas.<\/p>\n<p>Durante el evento, la gobernadora realiz\u00f3 la entrega de l\u00e1minas, botes de pintura e impermeabilizante, entre otros materiales que contribuir\u00e1n al mejoramiento y rehabilitaci\u00f3n de las viviendas de las familias beneficiadas.<\/p>\n<p>\u201cAqu\u00ed vamos a seguir en San Pancho y en todos los municipios, apoyando a las familias. Quiero decirles que tenemos muchos programas que es importante que conozcan: apoyos para emprender un negocio, tinacos, calentadores solares, techos y pisos firmes, vivienda social, becas educativas, apoyos para el campo y muchos m\u00e1s\u201d, les dijo la gobernadora Tere Jim\u00e9nez.<\/p>\n<p>Por su parte, Patricia Castillo Romero, secretaria de Desarrollo Social del Estado, resalt\u00f3 que para la gobernadora es muy importante impulsar este tipo de apoyos que permiten a las familias mejorar su entorno y vivir con mayor comodidad y seguridad.<\/p>\n<p>\u201cVamos a visitar todos los rincones del estado para entregar estos materiales y algunos otros apoyos. Recuerden que con la Tarjeta Soluciones pueden acceder a los diversos programas que maneja la administraci\u00f3n estatal\u201d, subray\u00f3 la titular de la Sedeso.<\/p>\n<p>Finalmente, a nombre de las y los beneficiarios, Silvia Guerrero Cansino dio un mensaje: \u201cEn San Pancho, nos sentimos agradecidos; confiamos en la gobernadora, que nunca nos deja solas. Gracias por siempre ver por nuestras necesidades y apoyarnos, en esta ocasi\u00f3n con materiales para nuestra vivienda\u201d.<\/p>\n<p>En el evento, tambi\u00e9n estuvieron presentes la diputada local Beatriz Montoya Hern\u00e1ndez; la beneficiaria Nadia Fabiola Ju\u00e1rez Lozano; as\u00ed como los vecinos de la zona, Jos\u00e9 Juan Agui\u00f1aga y Ra\u00fal Ram\u00edrez Franco.<\/p>\n","protected":false},"excerpt":{"rendered":"<p>#informativoelvalledeaguascalientes\u00a0 #novaradioaguascalientes #informativoelvalledeaguascalientesll #Aguascalientes &nbsp; &nbsp; Para elevar la calidad de vida de la poblaci\u00f3n m\u00e1s vulnerable de Aguascalientes, la gobernadora Tere Jim\u00e9nez entreg\u00f3 apoyos a m\u00e1s de 900 familias del municipio de San Francisco de los Romo para que mejoren sus viviendas. Durante el evento, la gobernadora realiz\u00f3 la entrega de l\u00e1minas, botes de [&hellip;]<\/p>\n","protected":false},"author":1,"featured_media":78398,"comment_status":"closed","ping_status":"open","sticky":false,"template":"","format":"standard","meta":{"advanced_seo_description":"","jetpack_seo_html_title":"","jetpack_seo_noindex":false,"_jetpack_memberships_contains_paid_content":false,"footnotes":"","jetpack_publicize_message":"","jetpack_publicize_feature_enabled":true,"jetpack_social_post_already_shared":true,"jetpack_social_options":{"image_generator_settings":{"template":"highway","default_image_id":0,"font":"","enabled":false},"version":2}},"categories":[21,4],"tags":[22,615,24,320],"class_list":["post-78397","post","type-post","status-publish","format-standard","has-post-thumbnail","hentry","category-aguascalientes","category-gobierno-del-estado-aguascalientes","tag-aguascalientes","tag-gobierno-del-estado-de-aguascalientes","tag-sedeso","tag-tere-jimenez"],"jetpack_publicize_connections":[],"jetpack_featured_media_url":"https:\/\/i0.wp.com\/informativoelvalledeaguascalientes.online\/wp-content\/uploads\/2025\/10\/0b20dfdf-d0f0-4662-86e9-7920b9a7f233.jpg?fit=1280%2C854&ssl=1","jetpack-related-posts":[],"jetpack_sharing_enabled":true,"jetpack_likes_enabled":true,"_links":{"self":[{"href":"https:\/\/informativoelvalledeaguascalientes.online\/index.php?rest_route=\/wp\/v2\/posts\/78397","targetHints":{"allow":["GET"]}}],"collection":[{"href":"https:\/\/informativoelvalledeaguascalientes.online\/index.php?rest_route=\/wp\/v2\/posts"}],"about":[{"href":"https:\/\/informativoelvalledeaguascalientes.online\/index.php?rest_route=\/wp\/v2\/types\/post"}],"author":[{"embeddable":true,"href":"https:\/\/informativoelvalledeaguascalientes.online\/index.php?rest_route=\/wp\/v2\/users\/1"}],"replies":[{"embeddable":true,"href":"https:\/\/informativoelvalledeaguascalientes.online\/index.php?rest_route=%2Fwp%2Fv2%2Fcomments&post=78397"}],"version-history":[{"count":1,"href":"https:\/\/informativoelvalledeaguascalientes.online\/index.php?rest_route=\/wp\/v2\/posts\/78397\/revisions"}],"predecessor-version":[{"id":78399,"href":"https:\/\/informativoelvalledeaguascalientes.online\/index.php?rest_route=\/wp\/v2\/posts\/78397\/revisions\/78399"}],"wp:featuredmedia":[{"embeddable":true,"href":"https:\/\/informativoelvalledeaguascalientes.online\/index.php?rest_route=\/wp\/v2\/media\/78398"}],"wp:attachment":[{"href":"https:\/\/informativoelvalledeaguascalientes.online\/index.php?rest_route=%2Fwp%2Fv2%2Fmedia&parent=78397"}],"wp:term":[{"taxonomy":"category","embeddable":true,"href":"https:\/\/informativoelvalledeaguascalientes.online\/index.php?rest_route=%2Fwp%2Fv2%2Fcategories&post=78397"},{"taxonomy":"post_tag","embeddable":true,"href":"https:\/\/informativoelvalledeaguascalientes.online\/index.php?rest_route=%2Fwp%2Fv2%2Ftags&post=78397"}],"curies":[{"name":"wp","href":"https:\/\/api.w.org\/{rel}","templated":true}]}}