{"id":78326,"date":"2025-10-22T17:08:19","date_gmt":"2025-10-22T23:08:19","guid":{"rendered":"https:\/\/informativoelvalledeaguascalientes.online\/?p=78326"},"modified":"2025-10-22T17:08:19","modified_gmt":"2025-10-22T23:08:19","slug":"tere-jimenez-y-gobernadores-de-la-region-centro-occidente-del-pais-se-reunen-para-fortalecer-las-estrategias-de-seguridad","status":"publish","type":"post","link":"https:\/\/informativoelvalledeaguascalientes.online\/?p=78326","title":{"rendered":"TERE JIM\u00c9NEZ Y GOBERNADORES DE LA REGI\u00d3N CENTRO-OCCIDENTE DEL PA\u00cdS SE RE\u00daNEN PARA FORTALECER LAS ESTRATEGIAS DE SEGURIDAD"},"content":{"rendered":"<p class=\"p1\">#informativoelvalledeaguascalientes<span class=\"Apple-converted-space\">\u00a0 <\/span>#novaradioaguascalientes #informativoelvalledeaguascalientesll #Aguascalientes<\/p>\n<p>&nbsp;<\/p>\n<p>&nbsp;<\/p>\n<p>Con el compromiso de fortalecer la seguridad en la regi\u00f3n Centro-Occidente del pa\u00eds, la gobernadora de Aguascalientes, Tere Jim\u00e9nez, particip\u00f3 en la Quinta Reuni\u00f3n de Gobernadores, donde junto con los mandatarios de Colima, Guanajuato, Jalisco, Nayarit, Zacatecas y Michoac\u00e1n, evaluaron avances de los trabajos coordinados y definieron estrategias para preservar el clima de paz y tranquilidad.<\/p>\n<p>Durante la reuni\u00f3n que se desarroll\u00f3 en La Mojonera, Zapopan, Jalisco, en las instalaciones de la 15\/a. Zona Militar, se revisaron los avances en seguridad conforme a los acuerdos previos y se determinaron nuevas acciones para reforzar la vigilancia en carreteras y fronteras estatales.<\/p>\n<p>La gobernadora Tere Jim\u00e9nez destac\u00f3 que Aguascalientes se mantiene como uno de los estados m\u00e1s seguros del pa\u00eds, gracias a la efectiva coordinaci\u00f3n entre los tres niveles de gobierno, la incorporaci\u00f3n de nuevos polic\u00edas estatales, tecnolog\u00eda de punta, c\u00e1maras de videovigilancia y las cinco puertas de seguridad en los accesos al estado.<\/p>\n<p>Las y los gobernadores presentes ratificaron su compromiso con el trabajo coordinado y el di\u00e1logo continuo, conscientes de la responsabilidad compartida en la construcci\u00f3n de un M\u00e9xico m\u00e1s seguro y pac\u00edfico.<\/p>\n<p>En el encuentro estuvieron presentes los gobernadores de Jalisco, Pablo Lemus Navarro; de Nayarit, Miguel \u00c1ngel Navarro Quintero; de Zacatecas, David Monreal \u00c1vila; as\u00ed como las gobernadoras de Colima, Indira Vizca\u00edno Silva; de Guanajuato, Libia Dennise Garc\u00eda Mu\u00f1oz Ledo; y el secretario de Seguridad P\u00fablica de Michoac\u00e1n, Juan Carlos Oseguera Cort\u00e9s.<\/p>\n<p>Tambi\u00e9n se cont\u00f3 con la presencia de Porfirio Fuentes V\u00e9lez, comandante interino de la V Regi\u00f3n Militar; Jos\u00e9 Francisco Ter\u00e1n Valle, comandante interino de la XII Regi\u00f3n Militar; adem\u00e1s de representantes del Ej\u00e9rcito Mexicano, la Guardia Nacional, corporaciones de seguridad estatal y fiscal\u00edas.<\/p>\n","protected":false},"excerpt":{"rendered":"<p>#informativoelvalledeaguascalientes\u00a0 #novaradioaguascalientes #informativoelvalledeaguascalientesll #Aguascalientes &nbsp; &nbsp; Con el compromiso de fortalecer la seguridad en la regi\u00f3n Centro-Occidente del pa\u00eds, la gobernadora de Aguascalientes, Tere Jim\u00e9nez, particip\u00f3 en la Quinta Reuni\u00f3n de Gobernadores, donde junto con los mandatarios de Colima, Guanajuato, Jalisco, Nayarit, Zacatecas y Michoac\u00e1n, evaluaron avances de los trabajos coordinados y definieron estrategias para [&hellip;]<\/p>\n","protected":false},"author":1,"featured_media":78327,"comment_status":"closed","ping_status":"open","sticky":false,"template":"","format":"standard","meta":{"advanced_seo_description":"","jetpack_seo_html_title":"","jetpack_seo_noindex":false,"_jetpack_memberships_contains_paid_content":false,"footnotes":"","jetpack_publicize_message":"","jetpack_publicize_feature_enabled":true,"jetpack_social_post_already_shared":true,"jetpack_social_options":{"image_generator_settings":{"template":"highway","default_image_id":0,"font":"","enabled":false},"version":2}},"categories":[21,4],"tags":[22,615,320],"class_list":["post-78326","post","type-post","status-publish","format-standard","has-post-thumbnail","hentry","category-aguascalientes","category-gobierno-del-estado-aguascalientes","tag-aguascalientes","tag-gobierno-del-estado-de-aguascalientes","tag-tere-jimenez"],"jetpack_publicize_connections":[],"jetpack_featured_media_url":"https:\/\/i0.wp.com\/informativoelvalledeaguascalientes.online\/wp-content\/uploads\/2025\/10\/a7571e06-030d-4f2f-a9e0-cc552ee21880.jpg?fit=1539%2C1046&ssl=1","jetpack-related-posts":[],"jetpack_sharing_enabled":true,"jetpack_likes_enabled":true,"_links":{"self":[{"href":"https:\/\/informativoelvalledeaguascalientes.online\/index.php?rest_route=\/wp\/v2\/posts\/78326","targetHints":{"allow":["GET"]}}],"collection":[{"href":"https:\/\/informativoelvalledeaguascalientes.online\/index.php?rest_route=\/wp\/v2\/posts"}],"about":[{"href":"https:\/\/informativoelvalledeaguascalientes.online\/index.php?rest_route=\/wp\/v2\/types\/post"}],"author":[{"embeddable":true,"href":"https:\/\/informativoelvalledeaguascalientes.online\/index.php?rest_route=\/wp\/v2\/users\/1"}],"replies":[{"embeddable":true,"href":"https:\/\/informativoelvalledeaguascalientes.online\/index.php?rest_route=%2Fwp%2Fv2%2Fcomments&post=78326"}],"version-history":[{"count":1,"href":"https:\/\/informativoelvalledeaguascalientes.online\/index.php?rest_route=\/wp\/v2\/posts\/78326\/revisions"}],"predecessor-version":[{"id":78328,"href":"https:\/\/informativoelvalledeaguascalientes.online\/index.php?rest_route=\/wp\/v2\/posts\/78326\/revisions\/78328"}],"wp:featuredmedia":[{"embeddable":true,"href":"https:\/\/informativoelvalledeaguascalientes.online\/index.php?rest_route=\/wp\/v2\/media\/78327"}],"wp:attachment":[{"href":"https:\/\/informativoelvalledeaguascalientes.online\/index.php?rest_route=%2Fwp%2Fv2%2Fmedia&parent=78326"}],"wp:term":[{"taxonomy":"category","embeddable":true,"href":"https:\/\/informativoelvalledeaguascalientes.online\/index.php?rest_route=%2Fwp%2Fv2%2Fcategories&post=78326"},{"taxonomy":"post_tag","embeddable":true,"href":"https:\/\/informativoelvalledeaguascalientes.online\/index.php?rest_route=%2Fwp%2Fv2%2Ftags&post=78326"}],"curies":[{"name":"wp","href":"https:\/\/api.w.org\/{rel}","templated":true}]}}