{"id":78323,"date":"2025-10-22T16:02:10","date_gmt":"2025-10-22T22:02:10","guid":{"rendered":"https:\/\/informativoelvalledeaguascalientes.online\/?p=78323"},"modified":"2025-10-22T16:02:10","modified_gmt":"2025-10-22T22:02:10","slug":"gobierno-del-estado-invita-a-empresarios-y-emprendedores-a-registrar-su-marca-con-descuentos-de-hasta-el-90","status":"publish","type":"post","link":"https:\/\/informativoelvalledeaguascalientes.online\/?p=78323","title":{"rendered":"GOBIERNO DEL ESTADO INVITA A EMPRESARIOS Y EMPRENDEDORES A REGISTRAR SU MARCA CON DESCUENTOS DE HASTA EL 90 %"},"content":{"rendered":"<p class=\"p1\">#informativoelvalledeaguascalientes<span class=\"Apple-converted-space\">\u00a0 <\/span>#novaradioaguascalientes #informativoelvalledeaguascalientesll #Aguascalientes<\/p>\n<p>&nbsp;<\/p>\n<p>&nbsp;<\/p>\n<p>* El Gobierno del Estado, en coordinaci\u00f3n con el Instituto Mexicano de la Propiedad Industrial, lanza convocatoria de apoyo a emprendedores y micro negocios de Aguascalientes<br \/>\n* Recepci\u00f3n de solicitudes del 21 al 28 de octubre, informes en https:\/\/aguascalientes.gob.mx\/tramites\/tramite\/EDO-SEDECYT-57<br \/>\n* Este tr\u00e1mite abre oportunidades para que las empresas consoliden su presencia en el mercado: Tere Jim\u00e9nez<\/p>\n<p>&nbsp;<\/p>\n<p>El respaldo a las y los emprendedores de Aguascalientes no se detiene.<\/p>\n<p>La gobernadora Tere Jim\u00e9nez reiter\u00f3 su compromiso de impulsar a quienes hacen crecer la econom\u00eda del estado, facilitando herramientas que fortalezcan sus negocios y protejan sus ideas.<\/p>\n<p>\u201cQueremos que cada empresa y cada producto hecho en Aguascalientes tenga su propia identidad y la seguridad jur\u00eddica que necesita para seguir creciendo\u201d, destac\u00f3 la gobernadora.<\/p>\n<p>A trav\u00e9s de la Secretar\u00eda de Desarrollo Econ\u00f3mico, Ciencia y Tecnolog\u00eda (Sedecyt) y en coordinaci\u00f3n con el Instituto Mexicano de la Propiedad Industrial (IMPI), se lanz\u00f3 la convocatoria \u201cRegistro de Marca\u201d, que ofrece descuentos de hasta el 90 % en este tr\u00e1mite.<\/p>\n<p>El secretario Esa\u00fa Garza de Vega inform\u00f3 que la convocatoria estar\u00e1 abierta del 21 al 28 de octubre y que el costo para quienes resulten beneficiados ser\u00e1 de solo 313 pesos, con una protecci\u00f3n de 10 a\u00f1os y opci\u00f3n de renovaci\u00f3n.<\/p>\n<p>Las personas interesadas podr\u00e1n recibir asesor\u00eda gratuita a trav\u00e9s del tel\u00e9fono 449 910 2611 ext. 1693 o al correo registrodemarca@aguascalientes.gob.mx. El tr\u00e1mite se realiza en l\u00ednea en la p\u00e1gina: https:\/\/aguascalientes.gob.mx\/tramites\/tramite\/EDO-SEDECYT-57<\/p>\n<p>\u201cEn Aguascalientes impulsamos la innovaci\u00f3n y cuidamos el talento local. Proteger tu marca es dar el siguiente paso hacia el crecimiento de tu negocio\u201d, concluy\u00f3 Garza de Vega.<\/p>\n","protected":false},"excerpt":{"rendered":"<p>#informativoelvalledeaguascalientes\u00a0 #novaradioaguascalientes #informativoelvalledeaguascalientesll #Aguascalientes &nbsp; &nbsp; * El Gobierno del Estado, en coordinaci\u00f3n con el Instituto Mexicano de la Propiedad Industrial, lanza convocatoria de apoyo a emprendedores y micro negocios de Aguascalientes * Recepci\u00f3n de solicitudes del 21 al 28 de octubre, informes en https:\/\/aguascalientes.gob.mx\/tramites\/tramite\/EDO-SEDECYT-57 * Este tr\u00e1mite abre oportunidades para que las empresas consoliden [&hellip;]<\/p>\n","protected":false},"author":1,"featured_media":78324,"comment_status":"closed","ping_status":"open","sticky":false,"template":"","format":"standard","meta":{"advanced_seo_description":"","jetpack_seo_html_title":"","jetpack_seo_noindex":false,"_jetpack_memberships_contains_paid_content":false,"footnotes":"","jetpack_publicize_message":"","jetpack_publicize_feature_enabled":true,"jetpack_social_post_already_shared":true,"jetpack_social_options":{"image_generator_settings":{"template":"highway","default_image_id":0,"font":"","enabled":false},"version":2}},"categories":[21,4],"tags":[22,615,610],"class_list":["post-78323","post","type-post","status-publish","format-standard","has-post-thumbnail","hentry","category-aguascalientes","category-gobierno-del-estado-aguascalientes","tag-aguascalientes","tag-gobierno-del-estado-de-aguascalientes","tag-sedecyt"],"jetpack_publicize_connections":[],"jetpack_featured_media_url":"https:\/\/i0.wp.com\/informativoelvalledeaguascalientes.online\/wp-content\/uploads\/2025\/10\/008c8ce5-7830-4680-b494-b0add1fd3509.jpg?fit=1600%2C898&ssl=1","jetpack-related-posts":[],"jetpack_sharing_enabled":true,"jetpack_likes_enabled":true,"_links":{"self":[{"href":"https:\/\/informativoelvalledeaguascalientes.online\/index.php?rest_route=\/wp\/v2\/posts\/78323","targetHints":{"allow":["GET"]}}],"collection":[{"href":"https:\/\/informativoelvalledeaguascalientes.online\/index.php?rest_route=\/wp\/v2\/posts"}],"about":[{"href":"https:\/\/informativoelvalledeaguascalientes.online\/index.php?rest_route=\/wp\/v2\/types\/post"}],"author":[{"embeddable":true,"href":"https:\/\/informativoelvalledeaguascalientes.online\/index.php?rest_route=\/wp\/v2\/users\/1"}],"replies":[{"embeddable":true,"href":"https:\/\/informativoelvalledeaguascalientes.online\/index.php?rest_route=%2Fwp%2Fv2%2Fcomments&post=78323"}],"version-history":[{"count":1,"href":"https:\/\/informativoelvalledeaguascalientes.online\/index.php?rest_route=\/wp\/v2\/posts\/78323\/revisions"}],"predecessor-version":[{"id":78325,"href":"https:\/\/informativoelvalledeaguascalientes.online\/index.php?rest_route=\/wp\/v2\/posts\/78323\/revisions\/78325"}],"wp:featuredmedia":[{"embeddable":true,"href":"https:\/\/informativoelvalledeaguascalientes.online\/index.php?rest_route=\/wp\/v2\/media\/78324"}],"wp:attachment":[{"href":"https:\/\/informativoelvalledeaguascalientes.online\/index.php?rest_route=%2Fwp%2Fv2%2Fmedia&parent=78323"}],"wp:term":[{"taxonomy":"category","embeddable":true,"href":"https:\/\/informativoelvalledeaguascalientes.online\/index.php?rest_route=%2Fwp%2Fv2%2Fcategories&post=78323"},{"taxonomy":"post_tag","embeddable":true,"href":"https:\/\/informativoelvalledeaguascalientes.online\/index.php?rest_route=%2Fwp%2Fv2%2Ftags&post=78323"}],"curies":[{"name":"wp","href":"https:\/\/api.w.org\/{rel}","templated":true}]}}