{"id":78249,"date":"2025-10-21T12:25:48","date_gmt":"2025-10-21T18:25:48","guid":{"rendered":"https:\/\/informativoelvalledeaguascalientes.online\/?p=78249"},"modified":"2025-10-21T12:25:48","modified_gmt":"2025-10-21T18:25:48","slug":"gobierno-del-estado-abre-cursos-gratuitos-para-emprendedores-y-empresarios-en-municipios","status":"publish","type":"post","link":"https:\/\/informativoelvalledeaguascalientes.online\/?p=78249","title":{"rendered":"GOBIERNO DEL ESTADO ABRE CURSOS GRATUITOS PARA EMPRENDEDORES Y EMPRESARIOS EN MUNICIPIOS"},"content":{"rendered":"<p class=\"p1\">#informativoelvalledeaguascalientes<span class=\"Apple-converted-space\">\u00a0 <\/span>#novaradioaguascalientes #informativoelvalledeaguascalientesll #Aguascalientes<\/p>\n<p>&nbsp;<\/p>\n<p>&nbsp;<\/p>\n<ul>\n<li>Los cursos tienen cupo limitado y ser\u00e1n impartidos en Jes\u00fas Mar\u00eda, Pabell\u00f3n de Arteaga, Rinc\u00f3n de Romos y El Llano<\/li>\n<li>Para m\u00e1s informaci\u00f3n, los interesados pueden comunicarse al tel\u00e9fono 449 910 26 11, extensi\u00f3n 5917<\/li>\n<\/ul>\n<p>&nbsp;<\/p>\n<p>Con el objetivo de fortalecer el desarrollo de emprendedores y empresarios locales, el Gobierno del Estado, a trav\u00e9s de la Secretar\u00eda de Desarrollo Econ\u00f3mico, Ciencia y Tecnolog\u00eda (Sedecyt), ofrece una serie de cursos de capacitaci\u00f3n gratuitos y presenciales en distintos municipios de Aguascalientes.<br \/>\nEl titular de la Sedecyt, Esa\u00fa Garza de Vega, destac\u00f3 que estas sesiones est\u00e1n dise\u00f1adas para brindar herramientas pr\u00e1cticas y conocimientos innovadores que impulsen el crecimiento de los negocios locales, adem\u00e1s de fomentar el intercambio de experiencias entre participantes y especialistas.<br \/>\nLos cursos disponibles son:<br \/>\n\u201cInnovaci\u00f3n en el Emprendimiento\u201d, en Jes\u00fas Mar\u00eda, el martes 22 de octubre. Registro: https:\/\/forms.gle\/7PoaRnp9EacdsjAF9<\/p>\n<p>\u201cInteligencia Artificial Aplicada en los Negocios\u201d, en Pabell\u00f3n de Arteaga, el mi\u00e9rcoles 23 de octubre. Registro: https:\/\/forms.gle\/ntWQsLzLcZMRyPZH6<\/p>\n<p>\u201cT\u00e9cnicas de Promoci\u00f3n y Ventas\u201d, en Rinc\u00f3n de Romos, el jueves 24 de octubre. Registro: https:\/\/forms.gle\/BE2Rkw997iZ1Z7sj8<\/p>\n<p>\u201c\u00bfC\u00f3mo Aplicar la Inteligencia Artificial para Vender?\u201d, en El Llano, el mi\u00e9rcoles 29 de octubre. Registro: https:\/\/forms.gle\/3HqGNptZtTvjoMDHA<\/p>\n<p>Garza de Vega subray\u00f3 que los cursos tienen un cupo limitado, por lo que invit\u00f3 a las y los interesados a realizar su registro con anticipaci\u00f3n.<br \/>\nPara m\u00e1s informaci\u00f3n, los interesados pueden comunicarse al tel\u00e9fono 449 910 2611, extensi\u00f3n 5917, de 8:00 a 15:30 horas.<\/p>\n","protected":false},"excerpt":{"rendered":"<p>#informativoelvalledeaguascalientes\u00a0 #novaradioaguascalientes #informativoelvalledeaguascalientesll #Aguascalientes &nbsp; &nbsp; Los cursos tienen cupo limitado y ser\u00e1n impartidos en Jes\u00fas Mar\u00eda, Pabell\u00f3n de Arteaga, Rinc\u00f3n de Romos y El Llano Para m\u00e1s informaci\u00f3n, los interesados pueden comunicarse al tel\u00e9fono 449 910 26 11, extensi\u00f3n 5917 &nbsp; Con el objetivo de fortalecer el desarrollo de emprendedores y empresarios locales, el [&hellip;]<\/p>\n","protected":false},"author":1,"featured_media":78250,"comment_status":"closed","ping_status":"open","sticky":false,"template":"","format":"standard","meta":{"advanced_seo_description":"","jetpack_seo_html_title":"","jetpack_seo_noindex":false,"_jetpack_memberships_contains_paid_content":false,"footnotes":"","jetpack_publicize_message":"","jetpack_publicize_feature_enabled":true,"jetpack_social_post_already_shared":true,"jetpack_social_options":{"image_generator_settings":{"template":"highway","default_image_id":0,"font":"","enabled":false},"version":2}},"categories":[21,4],"tags":[22,615,610],"class_list":["post-78249","post","type-post","status-publish","format-standard","has-post-thumbnail","hentry","category-aguascalientes","category-gobierno-del-estado-aguascalientes","tag-aguascalientes","tag-gobierno-del-estado-de-aguascalientes","tag-sedecyt"],"jetpack_publicize_connections":[],"jetpack_featured_media_url":"https:\/\/i0.wp.com\/informativoelvalledeaguascalientes.online\/wp-content\/uploads\/2025\/10\/66446df6-10fa-4c4e-bda8-18d3022ae4b3.jpg?fit=1201%2C1200&ssl=1","jetpack-related-posts":[],"jetpack_sharing_enabled":true,"jetpack_likes_enabled":true,"_links":{"self":[{"href":"https:\/\/informativoelvalledeaguascalientes.online\/index.php?rest_route=\/wp\/v2\/posts\/78249","targetHints":{"allow":["GET"]}}],"collection":[{"href":"https:\/\/informativoelvalledeaguascalientes.online\/index.php?rest_route=\/wp\/v2\/posts"}],"about":[{"href":"https:\/\/informativoelvalledeaguascalientes.online\/index.php?rest_route=\/wp\/v2\/types\/post"}],"author":[{"embeddable":true,"href":"https:\/\/informativoelvalledeaguascalientes.online\/index.php?rest_route=\/wp\/v2\/users\/1"}],"replies":[{"embeddable":true,"href":"https:\/\/informativoelvalledeaguascalientes.online\/index.php?rest_route=%2Fwp%2Fv2%2Fcomments&post=78249"}],"version-history":[{"count":1,"href":"https:\/\/informativoelvalledeaguascalientes.online\/index.php?rest_route=\/wp\/v2\/posts\/78249\/revisions"}],"predecessor-version":[{"id":78251,"href":"https:\/\/informativoelvalledeaguascalientes.online\/index.php?rest_route=\/wp\/v2\/posts\/78249\/revisions\/78251"}],"wp:featuredmedia":[{"embeddable":true,"href":"https:\/\/informativoelvalledeaguascalientes.online\/index.php?rest_route=\/wp\/v2\/media\/78250"}],"wp:attachment":[{"href":"https:\/\/informativoelvalledeaguascalientes.online\/index.php?rest_route=%2Fwp%2Fv2%2Fmedia&parent=78249"}],"wp:term":[{"taxonomy":"category","embeddable":true,"href":"https:\/\/informativoelvalledeaguascalientes.online\/index.php?rest_route=%2Fwp%2Fv2%2Fcategories&post=78249"},{"taxonomy":"post_tag","embeddable":true,"href":"https:\/\/informativoelvalledeaguascalientes.online\/index.php?rest_route=%2Fwp%2Fv2%2Ftags&post=78249"}],"curies":[{"name":"wp","href":"https:\/\/api.w.org\/{rel}","templated":true}]}}