{"id":78246,"date":"2025-10-21T12:20:17","date_gmt":"2025-10-21T18:20:17","guid":{"rendered":"https:\/\/informativoelvalledeaguascalientes.online\/?p=78246"},"modified":"2025-10-21T12:20:17","modified_gmt":"2025-10-21T18:20:17","slug":"gobierno-del-estado-anuncia-becas-del-100-por-ciento-para-que-ninos-y-ninas-participen-en-campamento-de-futbol-de-la-fundacion-real-madrid","status":"publish","type":"post","link":"https:\/\/informativoelvalledeaguascalientes.online\/?p=78246","title":{"rendered":"GOBIERNO DEL ESTADO ANUNCIA BECAS DEL 100 POR CIENTO PARA QUE NI\u00d1OS Y NI\u00d1AS PARTICIPEN EN CAMPAMENTO DE FUTBOL DE LA FUNDACI\u00d3N REAL MADRID"},"content":{"rendered":"<p class=\"p1\">#informativoelvalledeaguascalientes<span class=\"Apple-converted-space\">\u00a0 <\/span>#novaradioaguascalientes #informativoelvalledeaguascalientesll #Aguascalientes<\/p>\n<p>&nbsp;<\/p>\n<p>&nbsp;<\/p>\n<p>El Gobierno del Estado, a trav\u00e9s del Instituto del Deporte del Estado (IDEA) y del DIF Estatal, anunci\u00f3 que se otorgar\u00e1n 40 becas del 100 por ciento para que ni\u00f1as, ni\u00f1os y j\u00f3venes de 6-16 a\u00f1os participen en la Cl\u00ednica de la Fundaci\u00f3n del Real Madrid, un campamento especializado de futbol que se realizar\u00e1 en Aguascalientes.<\/p>\n<p>El campamento se llevar\u00e1 a cabo del 24 al 28 de noviembre en las instalaciones del Parque M\u00e9xico. El objetivo es garantizar que m\u00e1s ni\u00f1as, ni\u00f1os y j\u00f3venes puedan acceder a esta experiencia deportiva \u00fanica, priorizando a quienes no cuenten con los recursos econ\u00f3micos necesarios para participar.<\/p>\n<p>Este programa, reconocido a nivel internacional, busca promover los valores del deporte y el desarrollo integral de los j\u00f3venes a trav\u00e9s de entrenamientos y metodolog\u00edas oficiales del club Real Madrid, bajo la gu\u00eda de entrenadores certificados.<\/p>\n<p>El costo regular de participaci\u00f3n es de 9 mil 900 pesos, y las inscripciones se realizar\u00e1n en las instalaciones de Vive Cafeto ubicado en Prol. Gral. Ignacio Zaragoza No. 425, fraccionamiento Valle de las Trojes. Para m\u00e1s informes, las y los interesados pueden comunicarse al tel\u00e9fono 449 142 45 95.<\/p>\n<p>Cabe destacar que la Cl\u00ednica de la Fundaci\u00f3n del Real Madrid cuenta con cupo limitado, por lo que se recomienda realizar el registro lo antes posible.<\/p>\n<p>De esta forma, Aguascalientes contin\u00faa posicion\u00e1ndose como un referente nacional en la formaci\u00f3n deportiva y en la promoci\u00f3n de espacios de aprendizaje de alto nivel para la ni\u00f1ez y juventud.<\/p>\n<p>En la rueda de prensa, estuvieron presentes el director del Instituto del Deporte del Estado de Aguascalientes, Arturo Fern\u00e1ndez Estrada; Julio C\u00e9sar Santos, representante de Brmatters Sports y Fundaci\u00f3n Real Madrid MX; as\u00ed como Mauricio Ruiz Esparza Mu\u00f1oz, representante del Grupo Sinfon\u00eda 40.<\/p>\n","protected":false},"excerpt":{"rendered":"<p>#informativoelvalledeaguascalientes\u00a0 #novaradioaguascalientes #informativoelvalledeaguascalientesll #Aguascalientes &nbsp; &nbsp; El Gobierno del Estado, a trav\u00e9s del Instituto del Deporte del Estado (IDEA) y del DIF Estatal, anunci\u00f3 que se otorgar\u00e1n 40 becas del 100 por ciento para que ni\u00f1as, ni\u00f1os y j\u00f3venes de 6-16 a\u00f1os participen en la Cl\u00ednica de la Fundaci\u00f3n del Real Madrid, un campamento especializado [&hellip;]<\/p>\n","protected":false},"author":1,"featured_media":78247,"comment_status":"closed","ping_status":"open","sticky":false,"template":"","format":"standard","meta":{"advanced_seo_description":"","jetpack_seo_html_title":"","jetpack_seo_noindex":false,"_jetpack_memberships_contains_paid_content":false,"footnotes":"","jetpack_publicize_message":"","jetpack_publicize_feature_enabled":true,"jetpack_social_post_already_shared":true,"jetpack_social_options":{"image_generator_settings":{"template":"highway","default_image_id":0,"font":"","enabled":false},"version":2}},"categories":[21,4],"tags":[22,615,113],"class_list":["post-78246","post","type-post","status-publish","format-standard","has-post-thumbnail","hentry","category-aguascalientes","category-gobierno-del-estado-aguascalientes","tag-aguascalientes","tag-gobierno-del-estado-de-aguascalientes","tag-idea"],"jetpack_publicize_connections":[],"jetpack_featured_media_url":"https:\/\/i0.wp.com\/informativoelvalledeaguascalientes.online\/wp-content\/uploads\/2025\/10\/ee930ffa-3dda-44e0-9228-2f09fe94862d.jpg?fit=2560%2C1706&ssl=1","jetpack-related-posts":[],"jetpack_sharing_enabled":true,"jetpack_likes_enabled":true,"_links":{"self":[{"href":"https:\/\/informativoelvalledeaguascalientes.online\/index.php?rest_route=\/wp\/v2\/posts\/78246","targetHints":{"allow":["GET"]}}],"collection":[{"href":"https:\/\/informativoelvalledeaguascalientes.online\/index.php?rest_route=\/wp\/v2\/posts"}],"about":[{"href":"https:\/\/informativoelvalledeaguascalientes.online\/index.php?rest_route=\/wp\/v2\/types\/post"}],"author":[{"embeddable":true,"href":"https:\/\/informativoelvalledeaguascalientes.online\/index.php?rest_route=\/wp\/v2\/users\/1"}],"replies":[{"embeddable":true,"href":"https:\/\/informativoelvalledeaguascalientes.online\/index.php?rest_route=%2Fwp%2Fv2%2Fcomments&post=78246"}],"version-history":[{"count":1,"href":"https:\/\/informativoelvalledeaguascalientes.online\/index.php?rest_route=\/wp\/v2\/posts\/78246\/revisions"}],"predecessor-version":[{"id":78248,"href":"https:\/\/informativoelvalledeaguascalientes.online\/index.php?rest_route=\/wp\/v2\/posts\/78246\/revisions\/78248"}],"wp:featuredmedia":[{"embeddable":true,"href":"https:\/\/informativoelvalledeaguascalientes.online\/index.php?rest_route=\/wp\/v2\/media\/78247"}],"wp:attachment":[{"href":"https:\/\/informativoelvalledeaguascalientes.online\/index.php?rest_route=%2Fwp%2Fv2%2Fmedia&parent=78246"}],"wp:term":[{"taxonomy":"category","embeddable":true,"href":"https:\/\/informativoelvalledeaguascalientes.online\/index.php?rest_route=%2Fwp%2Fv2%2Fcategories&post=78246"},{"taxonomy":"post_tag","embeddable":true,"href":"https:\/\/informativoelvalledeaguascalientes.online\/index.php?rest_route=%2Fwp%2Fv2%2Ftags&post=78246"}],"curies":[{"name":"wp","href":"https:\/\/api.w.org\/{rel}","templated":true}]}}