{"id":78243,"date":"2025-10-21T12:15:13","date_gmt":"2025-10-21T18:15:13","guid":{"rendered":"https:\/\/informativoelvalledeaguascalientes.online\/?p=78243"},"modified":"2025-10-21T12:15:13","modified_gmt":"2025-10-21T18:15:13","slug":"les-comparto-los-avances-del-centro-de-justicia-para-ninas-ninos-y-adolescentes-del-dif-estatal","status":"publish","type":"post","link":"https:\/\/informativoelvalledeaguascalientes.online\/?p=78243","title":{"rendered":"LES COMPARTO LOS AVANCES DEL CENTRO DE JUSTICIA PARA NI\u00d1AS, NI\u00d1OS Y ADOLESCENTES DEL DIF ESTATAL"},"content":{"rendered":"<p class=\"p1\">#informativoelvalledeaguascalientes<span class=\"Apple-converted-space\">\u00a0 <\/span>#novaradioaguascalientes #informativoelvalledeaguascalientesll #Aguascalientes<\/p>\n<p>&nbsp;<\/p>\n<p>LES COMPARTO LOS AVANCES DEL CENTRO DE JUSTICIA PARA NI\u00d1AS, NI\u00d1OS Y ADOLESCENTES DEL DIF ESTATAL<\/p>\n<p>Un espacio que funcionar\u00e1 como apoyo integral a la ni\u00f1ez de Aguascalientes.<\/p>\n<p>#ElGiganteDeM\u00e9xico<\/p>\n","protected":false},"excerpt":{"rendered":"<p>#informativoelvalledeaguascalientes\u00a0 #novaradioaguascalientes #informativoelvalledeaguascalientesll #Aguascalientes &nbsp; LES COMPARTO LOS AVANCES DEL CENTRO DE JUSTICIA PARA NI\u00d1AS, NI\u00d1OS Y ADOLESCENTES DEL DIF ESTATAL Un espacio que funcionar\u00e1 como apoyo integral a la ni\u00f1ez de Aguascalientes. #ElGiganteDeM\u00e9xico<\/p>\n","protected":false},"author":1,"featured_media":78244,"comment_status":"closed","ping_status":"open","sticky":false,"template":"","format":"standard","meta":{"advanced_seo_description":"","jetpack_seo_html_title":"","jetpack_seo_noindex":false,"_jetpack_memberships_contains_paid_content":false,"footnotes":"","jetpack_publicize_message":"","jetpack_publicize_feature_enabled":true,"jetpack_social_post_already_shared":true,"jetpack_social_options":{"image_generator_settings":{"template":"highway","default_image_id":0,"font":"","enabled":false},"version":2}},"categories":[21,4],"tags":[22,615],"class_list":["post-78243","post","type-post","status-publish","format-standard","has-post-thumbnail","hentry","category-aguascalientes","category-gobierno-del-estado-aguascalientes","tag-aguascalientes","tag-gobierno-del-estado-de-aguascalientes"],"jetpack_publicize_connections":[],"jetpack_featured_media_url":"https:\/\/i0.wp.com\/informativoelvalledeaguascalientes.online\/wp-content\/uploads\/2025\/10\/33ae163a-d1ca-460b-81b7-981b21de1935.jpg?fit=708%2C395&ssl=1","jetpack-related-posts":[],"jetpack_sharing_enabled":true,"jetpack_likes_enabled":true,"_links":{"self":[{"href":"https:\/\/informativoelvalledeaguascalientes.online\/index.php?rest_route=\/wp\/v2\/posts\/78243","targetHints":{"allow":["GET"]}}],"collection":[{"href":"https:\/\/informativoelvalledeaguascalientes.online\/index.php?rest_route=\/wp\/v2\/posts"}],"about":[{"href":"https:\/\/informativoelvalledeaguascalientes.online\/index.php?rest_route=\/wp\/v2\/types\/post"}],"author":[{"embeddable":true,"href":"https:\/\/informativoelvalledeaguascalientes.online\/index.php?rest_route=\/wp\/v2\/users\/1"}],"replies":[{"embeddable":true,"href":"https:\/\/informativoelvalledeaguascalientes.online\/index.php?rest_route=%2Fwp%2Fv2%2Fcomments&post=78243"}],"version-history":[{"count":1,"href":"https:\/\/informativoelvalledeaguascalientes.online\/index.php?rest_route=\/wp\/v2\/posts\/78243\/revisions"}],"predecessor-version":[{"id":78245,"href":"https:\/\/informativoelvalledeaguascalientes.online\/index.php?rest_route=\/wp\/v2\/posts\/78243\/revisions\/78245"}],"wp:featuredmedia":[{"embeddable":true,"href":"https:\/\/informativoelvalledeaguascalientes.online\/index.php?rest_route=\/wp\/v2\/media\/78244"}],"wp:attachment":[{"href":"https:\/\/informativoelvalledeaguascalientes.online\/index.php?rest_route=%2Fwp%2Fv2%2Fmedia&parent=78243"}],"wp:term":[{"taxonomy":"category","embeddable":true,"href":"https:\/\/informativoelvalledeaguascalientes.online\/index.php?rest_route=%2Fwp%2Fv2%2Fcategories&post=78243"},{"taxonomy":"post_tag","embeddable":true,"href":"https:\/\/informativoelvalledeaguascalientes.online\/index.php?rest_route=%2Fwp%2Fv2%2Ftags&post=78243"}],"curies":[{"name":"wp","href":"https:\/\/api.w.org\/{rel}","templated":true}]}}