{"id":78236,"date":"2025-10-20T23:43:32","date_gmt":"2025-10-21T05:43:32","guid":{"rendered":"https:\/\/informativoelvalledeaguascalientes.online\/?p=78236"},"modified":"2025-10-20T23:43:32","modified_gmt":"2025-10-21T05:43:32","slug":"tere-jimenez-reafirma-su-apoyo-y-solidaridad-a-mujeres-con-cancer-de-mama-no-estan-solas","status":"publish","type":"post","link":"https:\/\/informativoelvalledeaguascalientes.online\/?p=78236","title":{"rendered":"TERE JIM\u00c9NEZ REAFIRMA SU APOYO Y SOLIDARIDAD A MUJERES CON C\u00c1NCER DE MAMA: \u201cNO EST\u00c1N SOLAS\u201d"},"content":{"rendered":"<p class=\"p1\">#informativoelvalledeaguascalientes<span class=\"Apple-converted-space\">\u00a0 <\/span>#novaradioaguascalientes #informativoelvalledeaguascalientesll #Aguascalientes<\/p>\n<p>&nbsp;<\/p>\n<p>&nbsp;<\/p>\n<p>* La gobernadora asegur\u00f3 que Aguascalientes cuenta con la tecnolog\u00eda, infraestructura y personal m\u00e9dico necesarios para brindarles la atenci\u00f3n que requieren<br \/>\n* Tambi\u00e9n destac\u00f3 la importancia de la prevenci\u00f3n e invit\u00f3 a todas las mujeres a seguir las recomendaciones para evitar esta enfermedad<br \/>\n* En Aguascalientes operan tres mast\u00f3grafos fijos y uno m\u00f3vil que brindan servicio gratuito a todas las mujeres del estado<\/p>\n<p>&nbsp;<\/p>\n<p>Al conmemorar el D\u00eda Internacional de la Lucha contra el C\u00e1ncer de Mama, la gobernadora Tere Jim\u00e9nez reafirm\u00f3 su solidaridad y compromiso con las mujeres que enfrentan este padecimiento y asegur\u00f3 que Aguascalientes cuenta con la tecnolog\u00eda, la infraestructura y el personal m\u00e9dico necesarios para brindarles el tratamiento y la atenci\u00f3n que requieren.<\/p>\n<p>\u201cLa vida de las personas nos importa mucho. Vamos a seguir cuidando y ayudando a las personas, queremos que las mujeres sientan que las acompa\u00f1amos en este momento tan delicado e importante. Quiero decirles que no est\u00e1n solas, nos importa mucho su vida y vamos a seguir trabajando por ustedes; tengan por seguro que vamos a salvar a m\u00e1s mujeres\u201d, destac\u00f3 la gobernadora.<\/p>\n<p>De igual forma hizo hincapi\u00e9 en la importancia de la prevenci\u00f3n, por lo que invit\u00f3 a todas las mujeres a seguir las medidas y recomendaciones necesarias para evitar esta enfermedad o, en su caso, realizar una detecci\u00f3n temprana que permita actuar a tiempo.<\/p>\n<p>El secretario de Salud del Estado, Rub\u00e9n Galaviz Trist\u00e1n, inform\u00f3 que actualmente se cuenta con tres mast\u00f3grafos que brindan servicio en el Centenario Hospital Miguel Hidalgo, en el Hospital de la Mujer y en el Hospital General de Rinc\u00f3n de Romos, adem\u00e1s de una unidad m\u00f3vil del Seguro Popular Aguascalientes que recorre los municipios del interior.<\/p>\n<p>De igual forma llam\u00f3 a las mujeres a participar en acciones de detecci\u00f3n temprana, de acuerdo a su grupo de edad; dijo que a partir de los 20 a\u00f1os se recomienda una autoexploraci\u00f3n mensual; de los 25 en adelante se sugiere un examen cl\u00ednico de mamas al a\u00f1o; y la mastograf\u00eda en mujeres de entre 40 y 69 a\u00f1os de edad, cada dos a\u00f1os.<\/p>\n<p>Leonardo Monta\u00f1ez Castro, presidente municipal de Aguascalientes, reconoci\u00f3 el trabajo de la gobernadora Tere Jim\u00e9nez para consolidar al sistema de salud del Estado como el mejor; pidi\u00f3 a la poblaci\u00f3n ser portadora del mensaje de la prevenci\u00f3n para que cada vez sean menos los diagn\u00f3sticos de c\u00e1ncer de mama en Aguascalientes.<\/p>\n<p>Norma Ang\u00e9lica L\u00f3pez Esparza, sobreviviente de c\u00e1ncer de mama, dio su testimonio de vida y agradeci\u00f3 a la gobernadora por su sensibilidad y compromiso con la salud de las y los aguascalentenses: \u201cGracias por preocuparse por nosotras y por dotar a los hospitales de la tecnolog\u00eda que requerimos para superar esta enfermedad\u201d, sostuvo.<\/p>\n<p>Al t\u00e9rmino del evento, la Secretar\u00eda de Salud del Estado entreg\u00f3 un reconocimiento a la gobernadora Tere Jim\u00e9nez por su compromiso en la lucha contra el c\u00e1ncer de mama.<\/p>\n<p>Como parte del evento que se realiz\u00f3 en el vest\u00edbulo del Centro de Convenciones de la Isla San Marcos, se instalaron unidades m\u00e9dicas m\u00f3viles, donde se realizaron mastograf\u00edas, citolog\u00edas y exploraciones cl\u00ednicas de mama; de igual forma se ofrecieron conferencias al personal de salud y a la poblaci\u00f3n en general.<\/p>\n<p>En el evento tambi\u00e9n estuvieron presentes Aurora Jim\u00e9nez Esquivel, presidenta y primera voluntaria del DIF Estatal; Laura Araceli Gonz\u00e1lez Reyes, presidenta municipal de San Jos\u00e9 de Gracia; Misael Ley Mej\u00eda, titular del \u00d3rgano de Operaci\u00f3n Administrativa Desconcentrada del IMSS en Aguascalientes; Norma Adela Guel Sald\u00edvar, secretaria de la Familia del Estado; Michelle Olmos \u00c1lvarez, directora general del C5i; Patricia C\u00e1rdenas Delgado, directora general del Instituto Aguascalentense de las Mujeres; y Ma de Jes\u00fas Ram\u00edrez Castro, directora general del Instituto Aguascalentense de las Personas Adultas Mayores.<\/p>\n","protected":false},"excerpt":{"rendered":"<p>#informativoelvalledeaguascalientes\u00a0 #novaradioaguascalientes #informativoelvalledeaguascalientesll #Aguascalientes &nbsp; &nbsp; * La gobernadora asegur\u00f3 que Aguascalientes cuenta con la tecnolog\u00eda, infraestructura y personal m\u00e9dico necesarios para brindarles la atenci\u00f3n que requieren * Tambi\u00e9n destac\u00f3 la importancia de la prevenci\u00f3n e invit\u00f3 a todas las mujeres a seguir las recomendaciones para evitar esta enfermedad * En Aguascalientes operan tres mast\u00f3grafos [&hellip;]<\/p>\n","protected":false},"author":1,"featured_media":78237,"comment_status":"closed","ping_status":"open","sticky":false,"template":"","format":"standard","meta":{"advanced_seo_description":"","jetpack_seo_html_title":"","jetpack_seo_noindex":false,"_jetpack_memberships_contains_paid_content":false,"footnotes":"","jetpack_publicize_message":"","jetpack_publicize_feature_enabled":true,"jetpack_social_post_already_shared":true,"jetpack_social_options":{"image_generator_settings":{"template":"highway","default_image_id":0,"font":"","enabled":false},"version":2}},"categories":[21,4],"tags":[22,65,615,320],"class_list":["post-78236","post","type-post","status-publish","format-standard","has-post-thumbnail","hentry","category-aguascalientes","category-gobierno-del-estado-aguascalientes","tag-aguascalientes","tag-dif-estatal-aguascalientes","tag-gobierno-del-estado-de-aguascalientes","tag-tere-jimenez"],"jetpack_publicize_connections":[],"jetpack_featured_media_url":"https:\/\/i0.wp.com\/informativoelvalledeaguascalientes.online\/wp-content\/uploads\/2025\/10\/65229d45-e635-4752-816c-5837f820ff7b.jpg?fit=1552%2C1011&ssl=1","jetpack-related-posts":[],"jetpack_sharing_enabled":true,"jetpack_likes_enabled":true,"_links":{"self":[{"href":"https:\/\/informativoelvalledeaguascalientes.online\/index.php?rest_route=\/wp\/v2\/posts\/78236","targetHints":{"allow":["GET"]}}],"collection":[{"href":"https:\/\/informativoelvalledeaguascalientes.online\/index.php?rest_route=\/wp\/v2\/posts"}],"about":[{"href":"https:\/\/informativoelvalledeaguascalientes.online\/index.php?rest_route=\/wp\/v2\/types\/post"}],"author":[{"embeddable":true,"href":"https:\/\/informativoelvalledeaguascalientes.online\/index.php?rest_route=\/wp\/v2\/users\/1"}],"replies":[{"embeddable":true,"href":"https:\/\/informativoelvalledeaguascalientes.online\/index.php?rest_route=%2Fwp%2Fv2%2Fcomments&post=78236"}],"version-history":[{"count":1,"href":"https:\/\/informativoelvalledeaguascalientes.online\/index.php?rest_route=\/wp\/v2\/posts\/78236\/revisions"}],"predecessor-version":[{"id":78238,"href":"https:\/\/informativoelvalledeaguascalientes.online\/index.php?rest_route=\/wp\/v2\/posts\/78236\/revisions\/78238"}],"wp:featuredmedia":[{"embeddable":true,"href":"https:\/\/informativoelvalledeaguascalientes.online\/index.php?rest_route=\/wp\/v2\/media\/78237"}],"wp:attachment":[{"href":"https:\/\/informativoelvalledeaguascalientes.online\/index.php?rest_route=%2Fwp%2Fv2%2Fmedia&parent=78236"}],"wp:term":[{"taxonomy":"category","embeddable":true,"href":"https:\/\/informativoelvalledeaguascalientes.online\/index.php?rest_route=%2Fwp%2Fv2%2Fcategories&post=78236"},{"taxonomy":"post_tag","embeddable":true,"href":"https:\/\/informativoelvalledeaguascalientes.online\/index.php?rest_route=%2Fwp%2Fv2%2Ftags&post=78236"}],"curies":[{"name":"wp","href":"https:\/\/api.w.org\/{rel}","templated":true}]}}