{"id":78231,"date":"2025-10-20T23:39:36","date_gmt":"2025-10-21T05:39:36","guid":{"rendered":"https:\/\/informativoelvalledeaguascalientes.online\/?p=78231"},"modified":"2025-10-20T23:39:36","modified_gmt":"2025-10-21T05:39:36","slug":"tere-jimenez-entrega-obras-de-rehabilitacion-en-escuela-del-morelos-1","status":"publish","type":"post","link":"https:\/\/informativoelvalledeaguascalientes.online\/?p=78231","title":{"rendered":"TERE JIM\u00c9NEZ ENTREGA OBRAS DE REHABILITACI\u00d3N EN ESCUELA DEL MORELOS 1"},"content":{"rendered":"<p class=\"p1\">#informativoelvalledeaguascalientes<span class=\"Apple-converted-space\">\u00a0 <\/span>#novaradioaguascalientes #informativoelvalledeaguascalientesll #Aguascalientes<\/p>\n<p>&nbsp;<\/p>\n<p>&nbsp;<\/p>\n<p>* En la Escuela Primaria J. Guadalupe Peralta G\u00e1mez del fracc. Morelos I, se realizaron trabajos de impermeabilizaci\u00f3n, pintura en muros y plafones, as\u00ed como rehabilitaci\u00f3n de losas<br \/>\n* La gobernadora entreg\u00f3 instrumentos para bandas de guerra a distintas instituciones educativas de la entidad, que incluy\u00f3 tambores, baquetas, portacaja y cornetas<br \/>\n* Estoy segura de que van a lograr sus sue\u00f1os con esfuerzo y dedicaci\u00f3n: TJ<\/p>\n<p>&nbsp;<\/p>\n<p>La gobernadora de Aguascalientes, Tere Jim\u00e9nez, hizo entrega de las obras de rehabilitaci\u00f3n de la Escuela Primaria J. Guadalupe Peralta G\u00e1mez del fracc. Morelos I, donde destac\u00f3 que las mejoras y el mantenimiento de las escuelas son una prioridad para garantizar espacios dignos que favorezcan el aprendizaje de ni\u00f1as y ni\u00f1os.<\/p>\n<p>\u201cEstamos trabajando por ustedes; como nunca antes en la historia, hemos construido nuevas escuelas y realizado obras de rehabilitaci\u00f3n. Estoy segura de que van a lograr sus sue\u00f1os con esfuerzo y dedicaci\u00f3n. Adem\u00e1s, estamos otorgando becas educativas, de movilidad, titulaci\u00f3n y transporte\u201d, les dijo la gobernadora a los estudiantes tras encabezar la ceremonia de Honores a la Bandera.<\/p>\n<p>J. Jes\u00fas Lara Ram\u00edrez, director general del Instituto de Infraestructura F\u00edsica Educativa del Estado de Aguascalientes (IIFEA), detall\u00f3 que en esta primaria se realizaron trabajos de impermeabilizaci\u00f3n de losas de concreto, pintura en muros y plafones, as\u00ed como la rehabilitaci\u00f3n de losas de multytecho.<\/p>\n<p>La directora del plantel, Ma. Consuelo Moreno Rodr\u00edguez, reconoci\u00f3 el apoyo de la gobernadora Tere Jim\u00e9nez para mejorar las instalaciones de la escuela. \u201cSu presencia es un testimonio claro de su inter\u00e9s genuino por la educaci\u00f3n.<br \/>\nExpresamos nuestro m\u00e1s sincero agradecimiento por el respaldo que ha brindado a las escuelas y, en particular, a la nuestra, que hoy cuenta con un espacio digno para nuestros alumnos\u201d, se\u00f1al\u00f3.<\/p>\n<p>Durante el evento, la gobernadora Tere Jim\u00e9nez tambi\u00e9n entreg\u00f3 instrumentos para bandas de guerra a distintas instituciones educativas de la entidad, que incluy\u00f3 tambores, baquetas, portacaja y cornetas. Con esta acci\u00f3n, se busca fortalecer la identidad c\u00edvica y el sentido de pertenencia en las comunidades escolares.<\/p>\n<p>Los planteles beneficiados con este equipamiento son: Telesecundaria No. 149 Felipe \u00c1ngeles, Primaria Francisco I. Madero, Secundaria T\u00e9cnica No. 7, Primaria Ezequiel A. Ch\u00e1vez, Primaria Esteban S. Castorena, Primaria Jos\u00e9 Guadalupe Posada Aguilar T. V., Telesecundaria No. 179 Quetzalc\u00f3atl, Secundaria General No. 19, Telesecundaria No. 137 Rodrigo Rinc\u00f3n Gallardo, Telesecundaria No. 166 Mariano Matamoros, Secundaria T\u00e9cnica No. 43, Secundaria T\u00e9cnica No. 27, Telesecundaria No. 187 David Paul Ausubel y Secundaria General No. 6.<\/p>\n<p>Finalmente, Natalia Galv\u00e1n Aranda, alumna de sexto grado, dio un mensaje en nombre de sus compa\u00f1eros: \u201cAgradecerle, gobernadora, por todo lo que hace por las ni\u00f1as y los ni\u00f1os de Aguascalientes. Sabemos que su trabajo no es f\u00e1cil, pero lo realiza con todo el coraz\u00f3n y alegr\u00eda. Nos da mucho gusto que una mujer como usted pueda dirigir un estado entero, eso nos ense\u00f1a que los sue\u00f1os s\u00ed se cumplen\u201d, resalt\u00f3.<\/p>\n<p>En la ceremonia, estuvieron presentes las y los diputados locales Luc\u00eda de Le\u00f3n Urs\u00faa y Rodrigo Cervantes Medina; Leonardo Monta\u00f1ez Castro, presidente municipal de Aguascalientes; Luis Enrique Guti\u00e9rrez Reynoso, director general del Instituto de Educaci\u00f3n de Aguascalientes (IEA); Vicente P\u00e9rez Almanza, titular del Programa \u201cGuardianes del Agua\u201d; Laura Alicia Memije Ram\u00edrez, presidenta de la Asociaci\u00f3n de Padres de Familia del plantel, y Luis Emiliano Oviedo Hern\u00e1ndez, alumno de sexto grado.<\/p>\n","protected":false},"excerpt":{"rendered":"<p>#informativoelvalledeaguascalientes\u00a0 #novaradioaguascalientes #informativoelvalledeaguascalientesll #Aguascalientes &nbsp; &nbsp; * En la Escuela Primaria J. Guadalupe Peralta G\u00e1mez del fracc. Morelos I, se realizaron trabajos de impermeabilizaci\u00f3n, pintura en muros y plafones, as\u00ed como rehabilitaci\u00f3n de losas * La gobernadora entreg\u00f3 instrumentos para bandas de guerra a distintas instituciones educativas de la entidad, que incluy\u00f3 tambores, baquetas, portacaja [&hellip;]<\/p>\n","protected":false},"author":1,"featured_media":78232,"comment_status":"closed","ping_status":"open","sticky":false,"template":"","format":"standard","meta":{"advanced_seo_description":"","jetpack_seo_html_title":"","jetpack_seo_noindex":false,"_jetpack_memberships_contains_paid_content":false,"footnotes":"","jetpack_publicize_message":"","jetpack_publicize_feature_enabled":true,"jetpack_social_post_already_shared":true,"jetpack_social_options":{"image_generator_settings":{"template":"highway","default_image_id":0,"font":"","enabled":false},"version":2}},"categories":[21,4],"tags":[22,615,39,320],"class_list":["post-78231","post","type-post","status-publish","format-standard","has-post-thumbnail","hentry","category-aguascalientes","category-gobierno-del-estado-aguascalientes","tag-aguascalientes","tag-gobierno-del-estado-de-aguascalientes","tag-iea","tag-tere-jimenez"],"jetpack_publicize_connections":[],"jetpack_featured_media_url":"https:\/\/i0.wp.com\/informativoelvalledeaguascalientes.online\/wp-content\/uploads\/2025\/10\/e56e1f44-199f-405f-ac58-c1cb60121000.jpg?fit=1280%2C853&ssl=1","jetpack-related-posts":[],"jetpack_sharing_enabled":true,"jetpack_likes_enabled":true,"_links":{"self":[{"href":"https:\/\/informativoelvalledeaguascalientes.online\/index.php?rest_route=\/wp\/v2\/posts\/78231","targetHints":{"allow":["GET"]}}],"collection":[{"href":"https:\/\/informativoelvalledeaguascalientes.online\/index.php?rest_route=\/wp\/v2\/posts"}],"about":[{"href":"https:\/\/informativoelvalledeaguascalientes.online\/index.php?rest_route=\/wp\/v2\/types\/post"}],"author":[{"embeddable":true,"href":"https:\/\/informativoelvalledeaguascalientes.online\/index.php?rest_route=\/wp\/v2\/users\/1"}],"replies":[{"embeddable":true,"href":"https:\/\/informativoelvalledeaguascalientes.online\/index.php?rest_route=%2Fwp%2Fv2%2Fcomments&post=78231"}],"version-history":[{"count":1,"href":"https:\/\/informativoelvalledeaguascalientes.online\/index.php?rest_route=\/wp\/v2\/posts\/78231\/revisions"}],"predecessor-version":[{"id":78233,"href":"https:\/\/informativoelvalledeaguascalientes.online\/index.php?rest_route=\/wp\/v2\/posts\/78231\/revisions\/78233"}],"wp:featuredmedia":[{"embeddable":true,"href":"https:\/\/informativoelvalledeaguascalientes.online\/index.php?rest_route=\/wp\/v2\/media\/78232"}],"wp:attachment":[{"href":"https:\/\/informativoelvalledeaguascalientes.online\/index.php?rest_route=%2Fwp%2Fv2%2Fmedia&parent=78231"}],"wp:term":[{"taxonomy":"category","embeddable":true,"href":"https:\/\/informativoelvalledeaguascalientes.online\/index.php?rest_route=%2Fwp%2Fv2%2Fcategories&post=78231"},{"taxonomy":"post_tag","embeddable":true,"href":"https:\/\/informativoelvalledeaguascalientes.online\/index.php?rest_route=%2Fwp%2Fv2%2Ftags&post=78231"}],"curies":[{"name":"wp","href":"https:\/\/api.w.org\/{rel}","templated":true}]}}