{"id":7821,"date":"2020-06-16T00:29:38","date_gmt":"2020-06-16T06:29:38","guid":{"rendered":"https:\/\/informativoelvalledeaguascalientes.online\/?p=7821"},"modified":"2020-06-16T00:29:38","modified_gmt":"2020-06-16T06:29:38","slug":"indispensable-apoyo-del-gobierno-federal-para-hacer-frente-a-la-crisis-economica-tmc","status":"publish","type":"post","link":"https:\/\/informativoelvalledeaguascalientes.online\/?p=7821","title":{"rendered":"INDISPENSABLE APOYO DEL GOBIERNO FEDERAL PARA HACER FRENTE A LA CRISIS ECON\u00d3MICA: TMC"},"content":{"rendered":"<p>&nbsp;<\/p>\n<ul>\n<li style=\"font-weight: 400;\"><b>Lamentables las p\u00e9simas decisiones que en la materia han sido tomadas por la Presidencia de la Rep\u00fablica<\/b><\/li>\n<\/ul>\n<p>&nbsp;<\/p>\n<ul>\n<li style=\"font-weight: 400;\"><b>\u00a0En reuni\u00f3n con el presidente del CCEA, asegur\u00f3 que continuar\u00e1 trabando por el bien de las y los integrantes del gremio<\/b><\/li>\n<\/ul>\n<p>&nbsp;<\/p>\n<ul>\n<li style=\"font-weight: 400;\"><b>Para tal efecto, se proponen incentivos econ\u00f3micos a trabajadores informales y microempresarios\u00a0<\/b><\/li>\n<\/ul>\n<p>&nbsp;<\/p>\n<p><span style=\"font-weight: 400;\">Como parte de la serie de estrategias emprendidas desde el Senado para promover la reactivaci\u00f3n econ\u00f3mica luego de la crisis ocasionada por la pandemia de COVID-19 y preocupado por el nulo apoyo que el sector empresarial ha recibido por parte del Gobierno Federal, el Senador por Aguascalientes To\u00f1o Mart\u00edn del Campo dio a conocer algunas de las acciones que en este sentido\u00a0 promueve el Grupo Parlamentario de Acci\u00f3n Nacional (GPPAN) en la C\u00e1mara Alta.<\/span><\/p>\n<p>&nbsp;<\/p>\n<p><span style=\"font-weight: 400;\">Lo anterior durante reuni\u00f3n celebrada con Pedro Guti\u00e9rrez Romo, presidente del Consejo Coordinador Empresarial en Aguascalientes (CCEA) a quien extern\u00f3 su inter\u00e9s por contribuir con la atenci\u00f3n a las y los trabajadores que desafortunadamente han perdido su empleo o que de alg\u00fan modo han resentido los efectos de la dif\u00edcil situaci\u00f3n a la que actualmente nos enfrentamos.<\/span><\/p>\n<p>&nbsp;<\/p>\n<p><span style=\"font-weight: 400;\">Asegur\u00f3 que existe plena disposici\u00f3n por parte de los integrantes de la bancada del PAN en el Senado de hacer todo lo posible por frenar la p\u00e9rdida de empleos y el cierre de un mayor n\u00famero de empresas tanto en la ciudad capital como en el resto de la Rep\u00fablica Mexicana.<\/span><\/p>\n<p>&nbsp;<\/p>\n<p><span style=\"font-weight: 400;\">En este sentido manifest\u00f3 que los legisladores que conforman dicho grupo demandan al Gobierno Federal asumir sus responsabilidades para poder hacer frente a esta crisis generada por la contingencia sanitaria y proteger as\u00ed tanto la salud como la estabilidad econ\u00f3mica de los mexicanos esto mediante apoyos directos a los trabajadores y las microempresas\u00a0<\/span><\/p>\n<p>&nbsp;<\/p>\n<p><span style=\"font-weight: 400;\">Mart\u00edn del Campo precis\u00f3 que entre las propuestas destaca como primer punto, el otorgamiento de un Ingreso B\u00e1sico Universal de 3 mil 207 pesos mensuales durante tres meses en beneficio de quienes cuentan con un salario m\u00ednimo, as\u00ed como para quienes trabajan por cuenta propia o carezcan de empleo formal, monto que equivale a la l\u00ednea de bienestar establecida por el CONEVAL.<\/span><\/p>\n<p>&nbsp;<\/p>\n<p><span style=\"font-weight: 400;\">De igual forma, manifest\u00f3 que es necesario el apoyo con 27 mil 500 pesos mensuales en un periodo de tres meses dirigido a microempresarios para el pago de n\u00f3minas y renta, con lo que se ver\u00e1n beneficiados alrededor de 2.5 millones de negocios de este tipo al garantizarles que no habr\u00e1 despidos por falta de recursos.\u00a0<\/span><\/p>\n<p>&nbsp;<\/p>\n<p><span style=\"font-weight: 400;\">Finalmente, el legislador se\u00f1al\u00f3 que una m\u00e1s de las propuestas dirigidas a la federaci\u00f3n es justamente es el aplazamiento m\u00e1s no la cancelaci\u00f3n de la declaraci\u00f3n anual de impuestos, lo que representar\u00eda un respiro para los empresarios pero sin exentarlos de cumplir con sus responsabilidades.\u00a0<\/span><\/p>\n<p>&nbsp;<\/p>\n<p><span style=\"font-weight: 400;\">\u201cPara afrontar esta crisis urge conservar los empleos. Y para mantenerlos, el gobierno debe actuar de manera determinante, con medidas claras, por ejemplo, suspendiendo el pago de los impuestos\u201d.<\/span><\/p>\n<p>&nbsp;<\/p>\n<p><span style=\"font-weight: 400;\">En su oportunidad, Pedro Guti\u00e9rrez Romo agradeci\u00f3 el respaldo otorgado por el GPPAN en el Senado y reiter\u00f3 su disposici\u00f3n por continuar apoyando cada una de las iniciativas que se promuevan en beneficio del sector al que representa.\u00a0<\/span><\/p>\n","protected":false},"excerpt":{"rendered":"<p>&nbsp; Lamentables las p\u00e9simas decisiones que en la materia han sido tomadas por la Presidencia de la Rep\u00fablica &nbsp; \u00a0En reuni\u00f3n con el presidente del CCEA, asegur\u00f3 que continuar\u00e1 trabando por el bien de las y los integrantes del gremio &nbsp; Para tal efecto, se proponen incentivos econ\u00f3micos a trabajadores informales y microempresarios\u00a0 &nbsp; Como [&hellip;]<\/p>\n","protected":false},"author":1,"featured_media":7822,"comment_status":"closed","ping_status":"open","sticky":false,"template":"","format":"standard","meta":{"advanced_seo_description":"","jetpack_seo_html_title":"","jetpack_seo_noindex":false,"_jetpack_memberships_contains_paid_content":false,"footnotes":"","jetpack_publicize_message":"","jetpack_publicize_feature_enabled":true,"jetpack_social_post_already_shared":true,"jetpack_social_options":{"image_generator_settings":{"template":"highway","default_image_id":0,"font":"","enabled":false},"version":2}},"categories":[21,7],"tags":[22,23,49],"class_list":["post-7821","post","type-post","status-publish","format-standard","has-post-thumbnail","hentry","category-aguascalientes","category-pan-aguascalientes","tag-aguascalientes","tag-pan-aguascalientes","tag-tono-martin-del-campo"],"jetpack_publicize_connections":[],"jetpack_featured_media_url":"https:\/\/i0.wp.com\/informativoelvalledeaguascalientes.online\/wp-content\/uploads\/2020\/06\/TMC-min.jpg?fit=1166%2C898&ssl=1","jetpack-related-posts":[],"jetpack_sharing_enabled":true,"jetpack_likes_enabled":true,"_links":{"self":[{"href":"https:\/\/informativoelvalledeaguascalientes.online\/index.php?rest_route=\/wp\/v2\/posts\/7821","targetHints":{"allow":["GET"]}}],"collection":[{"href":"https:\/\/informativoelvalledeaguascalientes.online\/index.php?rest_route=\/wp\/v2\/posts"}],"about":[{"href":"https:\/\/informativoelvalledeaguascalientes.online\/index.php?rest_route=\/wp\/v2\/types\/post"}],"author":[{"embeddable":true,"href":"https:\/\/informativoelvalledeaguascalientes.online\/index.php?rest_route=\/wp\/v2\/users\/1"}],"replies":[{"embeddable":true,"href":"https:\/\/informativoelvalledeaguascalientes.online\/index.php?rest_route=%2Fwp%2Fv2%2Fcomments&post=7821"}],"version-history":[{"count":1,"href":"https:\/\/informativoelvalledeaguascalientes.online\/index.php?rest_route=\/wp\/v2\/posts\/7821\/revisions"}],"predecessor-version":[{"id":7823,"href":"https:\/\/informativoelvalledeaguascalientes.online\/index.php?rest_route=\/wp\/v2\/posts\/7821\/revisions\/7823"}],"wp:featuredmedia":[{"embeddable":true,"href":"https:\/\/informativoelvalledeaguascalientes.online\/index.php?rest_route=\/wp\/v2\/media\/7822"}],"wp:attachment":[{"href":"https:\/\/informativoelvalledeaguascalientes.online\/index.php?rest_route=%2Fwp%2Fv2%2Fmedia&parent=7821"}],"wp:term":[{"taxonomy":"category","embeddable":true,"href":"https:\/\/informativoelvalledeaguascalientes.online\/index.php?rest_route=%2Fwp%2Fv2%2Fcategories&post=7821"},{"taxonomy":"post_tag","embeddable":true,"href":"https:\/\/informativoelvalledeaguascalientes.online\/index.php?rest_route=%2Fwp%2Fv2%2Ftags&post=7821"}],"curies":[{"name":"wp","href":"https:\/\/api.w.org\/{rel}","templated":true}]}}