{"id":7818,"date":"2020-06-16T00:15:35","date_gmt":"2020-06-16T06:15:35","guid":{"rendered":"https:\/\/informativoelvalledeaguascalientes.online\/?p=7818"},"modified":"2020-06-16T00:15:35","modified_gmt":"2020-06-16T06:15:35","slug":"programacion-de-canal-26-estara-disponible-a-traves-de-la-plataforma-on-demand-vera-en-uruguay","status":"publish","type":"post","link":"https:\/\/informativoelvalledeaguascalientes.online\/?p=7818","title":{"rendered":"PROGRAMACI\u00d3N DE CANAL 26 ESTAR\u00c1 DISPONIBLE A TRAV\u00c9S DE LA PLATAFORMA ON DEMAND VERA EN URUGUAY"},"content":{"rendered":"<p dir=\"ltr\">\n<ul>\n<li dir=\"ltr\">\n<p dir=\"ltr\">Aguascalientes tiene un gran acervo cultural y tradicional que compartir con Am\u00e9rica Latina y el mundo: MOS<\/p>\n<\/li>\n<li dir=\"ltr\">\n<p dir=\"ltr\">Radio y Televisi\u00f3n de Aguascalientes, ha construido puentes entre audiencias del continente para intercambiar y enriquecer su identidad<\/p>\n<\/li>\n<\/ul>\n<p dir=\"ltr\">El gobernador Mart\u00edn Orozco Sandoval presidi\u00f3 el lanzamiento del Canal 26 de Radio y Televisi\u00f3n de Aguascalientes (RyTA) en Uruguay, donde a trav\u00e9s de la plataforma de televisi\u00f3n on demand por Internet, Vera TV, ser\u00e1n transmitidos los contenidos de este canal, quedando a disposici\u00f3n de la audiencia uruguaya y latinoamericana las 24 horas del d\u00eda.<\/p>\n<p dir=\"ltr\">Orozco Sandoval se congratul\u00f3 de este gran esfuerzo que partir de hoy se traduce en el acercamiento de dos rep\u00fablicas hermanas, las cuales gracias a las posibilidades que nos dan la telecomunicaciones, podr\u00e1n intercambiar contenido de gran aporte social y cultural.<\/p>\n<p dir=\"ltr\">El gobernador de Aguascalientes remarc\u00f3 que en este tiempo de sana distancia, esta sinergia entre la Rep\u00fablica Oriental de Uruguay y Aguascalientes, abrir\u00e1 las puertas a que nuestra entidad comparta el\u00a0 rico acervo tradicional con que cuenta.<\/p>\n<p dir=\"ltr\">Durante la transmisi\u00f3n, Jos\u00e9 Luis M\u00e1rquez D\u00edaz, Director de RyTA, puntualiz\u00f3 que\u00a0 a partir de hoy Canal 26 se integra al abanico de contenidos de Vera TV, siendo la \u00fanica televisora mexicana que participa dentro de esta plataforma, lo cual\u00a0 permitir\u00e1 comunicar con otras poblaciones los contenidos que se realizan desde Aguascalientes.<\/p>\n<p dir=\"ltr\">Cabe hacer menci\u00f3n de que durante el la transmisi\u00f3n participaron el C\u00f3nsul Honorario de la Rep\u00fablica Oriental de Uruguay, Carlos Mar\u00eda Onetto Barrabino; Mar\u00eda Teresa Vel\u00e1zquez, Presidenta de la RED de Radiodifusoras y Televisoras Educativas y Culturales de M\u00e9xico; el Embajador de M\u00e9xico en Uruguay, V\u00edctor Manuel Barcel\u00f3; as\u00ed como el Embajador de Uruguay en M\u00e9xico, An\u00edbal Fernando Cebral Segalerba, quienes coincidieron en que Aguascalientes y Uruguay hoy ampl\u00edan sus horizontes, creando un importante puente el cual devendr\u00e1 en una mejor atenci\u00f3n de las audiencias de toda Am\u00e9rica Latina.<\/p>\n","protected":false},"excerpt":{"rendered":"<p>Aguascalientes tiene un gran acervo cultural y tradicional que compartir con Am\u00e9rica Latina y el mundo: MOS Radio y Televisi\u00f3n de Aguascalientes, ha construido puentes entre audiencias del continente para intercambiar y enriquecer su identidad El gobernador Mart\u00edn Orozco Sandoval presidi\u00f3 el lanzamiento del Canal 26 de Radio y Televisi\u00f3n de Aguascalientes (RyTA) en Uruguay, [&hellip;]<\/p>\n","protected":false},"author":1,"featured_media":7819,"comment_status":"closed","ping_status":"open","sticky":false,"template":"","format":"standard","meta":{"advanced_seo_description":"","jetpack_seo_html_title":"","jetpack_seo_noindex":false,"_jetpack_memberships_contains_paid_content":false,"footnotes":"","jetpack_publicize_message":"","jetpack_publicize_feature_enabled":true,"jetpack_social_post_already_shared":true,"jetpack_social_options":{"image_generator_settings":{"template":"highway","default_image_id":0,"font":"","enabled":false},"version":2}},"categories":[21,4],"tags":[22,31],"class_list":["post-7818","post","type-post","status-publish","format-standard","has-post-thumbnail","hentry","category-aguascalientes","category-gobierno-del-estado-aguascalientes","tag-aguascalientes","tag-mos"],"jetpack_publicize_connections":[],"jetpack_featured_media_url":"https:\/\/i0.wp.com\/informativoelvalledeaguascalientes.online\/wp-content\/uploads\/2020\/06\/WhatsApp-Image-2020-06-15-at-12.21.29-PM.jpeg?fit=1200%2C800&ssl=1","jetpack-related-posts":[],"jetpack_sharing_enabled":true,"jetpack_likes_enabled":true,"_links":{"self":[{"href":"https:\/\/informativoelvalledeaguascalientes.online\/index.php?rest_route=\/wp\/v2\/posts\/7818","targetHints":{"allow":["GET"]}}],"collection":[{"href":"https:\/\/informativoelvalledeaguascalientes.online\/index.php?rest_route=\/wp\/v2\/posts"}],"about":[{"href":"https:\/\/informativoelvalledeaguascalientes.online\/index.php?rest_route=\/wp\/v2\/types\/post"}],"author":[{"embeddable":true,"href":"https:\/\/informativoelvalledeaguascalientes.online\/index.php?rest_route=\/wp\/v2\/users\/1"}],"replies":[{"embeddable":true,"href":"https:\/\/informativoelvalledeaguascalientes.online\/index.php?rest_route=%2Fwp%2Fv2%2Fcomments&post=7818"}],"version-history":[{"count":1,"href":"https:\/\/informativoelvalledeaguascalientes.online\/index.php?rest_route=\/wp\/v2\/posts\/7818\/revisions"}],"predecessor-version":[{"id":7820,"href":"https:\/\/informativoelvalledeaguascalientes.online\/index.php?rest_route=\/wp\/v2\/posts\/7818\/revisions\/7820"}],"wp:featuredmedia":[{"embeddable":true,"href":"https:\/\/informativoelvalledeaguascalientes.online\/index.php?rest_route=\/wp\/v2\/media\/7819"}],"wp:attachment":[{"href":"https:\/\/informativoelvalledeaguascalientes.online\/index.php?rest_route=%2Fwp%2Fv2%2Fmedia&parent=7818"}],"wp:term":[{"taxonomy":"category","embeddable":true,"href":"https:\/\/informativoelvalledeaguascalientes.online\/index.php?rest_route=%2Fwp%2Fv2%2Fcategories&post=7818"},{"taxonomy":"post_tag","embeddable":true,"href":"https:\/\/informativoelvalledeaguascalientes.online\/index.php?rest_route=%2Fwp%2Fv2%2Ftags&post=7818"}],"curies":[{"name":"wp","href":"https:\/\/api.w.org\/{rel}","templated":true}]}}