{"id":7815,"date":"2020-06-16T00:01:37","date_gmt":"2020-06-16T06:01:37","guid":{"rendered":"https:\/\/informativoelvalledeaguascalientes.online\/?p=7815"},"modified":"2020-06-16T00:01:37","modified_gmt":"2020-06-16T06:01:37","slug":"agradece-martin-orozco-esfuerzos-de-sector-productivo-para-evitar-despidos-y-cuidar-salud-de-trabajadores","status":"publish","type":"post","link":"https:\/\/informativoelvalledeaguascalientes.online\/?p=7815","title":{"rendered":"AGRADECE MART\u00cdN OROZCO ESFUERZOS DE SECTOR PRODUCTIVO PARA EVITAR DESPIDOS Y CUIDAR SALUD DE TRABAJADORES"},"content":{"rendered":"<ul>\n<li dir=\"ltr\"><strong>Siempre ha sido mi preocupaci\u00f3n cuidar de la salud de los aguascalentenses, sin dejar de lado su econom\u00eda: MOS<\/strong><\/li>\n<li dir=\"ltr\">\n<p dir=\"ltr\"><strong>De acuerdo al \u00faltimo reporte del IMSS sobre la tasa de desempleo, Aguascalientes fue el estado con menor afectaci\u00f3n de la regi\u00f3n Centro-Baj\u00edo- Occidente: SEDEC<\/strong><\/p>\n<\/li>\n<\/ul>\n<p dir=\"ltr\">\n<p dir=\"ltr\">Aguascalientes no est\u00e1 exento de las consecuencias econ\u00f3micas que podr\u00eda dejar la pandemia por el COVID-19, sin embargo, el Gobierno Estatal est\u00e1 haciendo lo correcto para mantener las mejores condiciones en la entidad y por otra parte, el sector productivo tambi\u00e9n est\u00e1 apoyando para evitar los despidos y cuidar la salud de sus trabajadores ante la reactivaci\u00f3n econ\u00f3mica.<\/p>\n<p>&nbsp;<\/p>\n<p dir=\"ltr\">As\u00ed lo manifest\u00f3 el gobernador Mart\u00edn Orozco Sandoval al dirigir un mensaje a la sociedad aguascalentense, durante el cual agradeci\u00f3 a las empresas por los esfuerzos emprendidos para mantener el mayor n\u00famero de empleos, pues cada uno significa el sost\u00e9n de una familia.<\/p>\n<p>&nbsp;<\/p>\n<p dir=\"ltr\">El mandatario tambi\u00e9n extendi\u00f3 un agradecimiento a los sindicatos de trabajadores, que a trav\u00e9s del di\u00e1logo con los empresarios, han velado por las mejores condiciones laborales y tener las afectaciones m\u00ednimas.<\/p>\n<p>&nbsp;<\/p>\n<p dir=\"ltr\">Por otro lado, asegur\u00f3 que siempre ha sido su preocupaci\u00f3n la salud y el ingreso de los habitantes, por eso las acciones de su gobierno est\u00e1n encaminadas a salir la contingencia sanitaria sin descuidar tema econ\u00f3mico. Se\u00f1al\u00f3 que estas estrategias est\u00e1n dando buenos resultados gracias a un equilibrio entre ambos aspectos.<\/p>\n<p>&nbsp;<\/p>\n<p dir=\"ltr\">En otro tema, sobre la reuni\u00f3n de los gobernadores de Acci\u00f3n Nacional el pasado domingo en Dolores Hidalgo, Orozco Sandoval se\u00f1al\u00f3 que en conjunto se trabaja en el dise\u00f1o de estrategias claras para dar rumbo al pa\u00eds en estos momentos de incertidumbre, sin que esto represente un bloque opositor a la federaci\u00f3n, sino al contrario, se busca aportar para que a M\u00e9xico le vaya mejor.<\/p>\n<p>&nbsp;<\/p>\n<p dir=\"ltr\">En su momento, Manuel Alejandro Gonz\u00e1lez Mart\u00ednez, titular de la Secretar\u00eda de Desarrollo Econ\u00f3mico, inform\u00f3 que de acuerdo al \u00faltimo reporte del Instituto Mexcicano del Seguro Social (IMSS), sobre la tasa de desempleo, Aguascalientes fue el estado con menor afectaci\u00f3n de la regi\u00f3n Centro-Baj\u00edo- Occidente.<\/p>\n<p>&nbsp;<\/p>\n<p dir=\"ltr\">Detall\u00f3 que a nivel nacional se dieron de baja a 344 mil 526 trabajadores, de los cuales, 59 mil 554 fueron p\u00e9rdidas de empleo en la Regi\u00f3n Centro-Baj\u00edo-Occidente, lo que representa un 17% en la ca\u00edda de empleos a nivel nacional.<\/p>\n<p>&nbsp;<\/p>\n<p dir=\"ltr\">En el caso preciso de Aguascalientes, Gonz\u00e1lez Mart\u00ednez coment\u00f3 que la entidad registr\u00f3 la p\u00e9rdida de 2 mil 762 empleos (2 mil 389 permanentes y 373 eventuales), a pesar de ello fue el menos afectado gracias a las pol\u00edticas del Gobierno Estatal en materia de salud y econom\u00eda.<\/p>\n<p>&nbsp;<\/p>\n<p dir=\"ltr\">Expuso que el sector agropecuario no se vio afectado, ya que obtuvo una alza de 627 trabajadores en el padr\u00f3n del IMSS.<\/p>\n<p>&nbsp;<\/p>\n<p dir=\"ltr\">Finalmente, hizo un llamado a todas aquellas empresas y negocios que se est\u00e1n incorporando a la reactivaci\u00f3n econ\u00f3mica, a ser conscientes aplicando los protocolos sanitarios correspondientes para proteger a sus trabajadores y sus clientes, ya que esto podr\u00e1 evitar un mayor n\u00famero de contagios por COVID-19.<\/p>\n","protected":false},"excerpt":{"rendered":"<p>Siempre ha sido mi preocupaci\u00f3n cuidar de la salud de los aguascalentenses, sin dejar de lado su econom\u00eda: MOS De acuerdo al \u00faltimo reporte del IMSS sobre la tasa de desempleo, Aguascalientes fue el estado con menor afectaci\u00f3n de la regi\u00f3n Centro-Baj\u00edo- Occidente: SEDEC Aguascalientes no est\u00e1 exento de las consecuencias econ\u00f3micas que podr\u00eda dejar [&hellip;]<\/p>\n","protected":false},"author":1,"featured_media":7816,"comment_status":"closed","ping_status":"open","sticky":false,"template":"","format":"standard","meta":{"advanced_seo_description":"","jetpack_seo_html_title":"","jetpack_seo_noindex":false,"_jetpack_memberships_contains_paid_content":false,"footnotes":"","jetpack_publicize_message":"","jetpack_publicize_feature_enabled":true,"jetpack_social_post_already_shared":true,"jetpack_social_options":{"image_generator_settings":{"template":"highway","default_image_id":0,"font":"","enabled":false},"version":2}},"categories":[21,4],"tags":[22,30,31],"class_list":["post-7815","post","type-post","status-publish","format-standard","has-post-thumbnail","hentry","category-aguascalientes","category-gobierno-del-estado-aguascalientes","tag-aguascalientes","tag-issea","tag-mos"],"jetpack_publicize_connections":[],"jetpack_featured_media_url":"https:\/\/i0.wp.com\/informativoelvalledeaguascalientes.online\/wp-content\/uploads\/2020\/06\/WhatsApp-Image-2020-06-15-at-10.38.29-AM.jpeg?fit=1137%2C971&ssl=1","jetpack-related-posts":[],"jetpack_sharing_enabled":true,"jetpack_likes_enabled":true,"_links":{"self":[{"href":"https:\/\/informativoelvalledeaguascalientes.online\/index.php?rest_route=\/wp\/v2\/posts\/7815","targetHints":{"allow":["GET"]}}],"collection":[{"href":"https:\/\/informativoelvalledeaguascalientes.online\/index.php?rest_route=\/wp\/v2\/posts"}],"about":[{"href":"https:\/\/informativoelvalledeaguascalientes.online\/index.php?rest_route=\/wp\/v2\/types\/post"}],"author":[{"embeddable":true,"href":"https:\/\/informativoelvalledeaguascalientes.online\/index.php?rest_route=\/wp\/v2\/users\/1"}],"replies":[{"embeddable":true,"href":"https:\/\/informativoelvalledeaguascalientes.online\/index.php?rest_route=%2Fwp%2Fv2%2Fcomments&post=7815"}],"version-history":[{"count":1,"href":"https:\/\/informativoelvalledeaguascalientes.online\/index.php?rest_route=\/wp\/v2\/posts\/7815\/revisions"}],"predecessor-version":[{"id":7817,"href":"https:\/\/informativoelvalledeaguascalientes.online\/index.php?rest_route=\/wp\/v2\/posts\/7815\/revisions\/7817"}],"wp:featuredmedia":[{"embeddable":true,"href":"https:\/\/informativoelvalledeaguascalientes.online\/index.php?rest_route=\/wp\/v2\/media\/7816"}],"wp:attachment":[{"href":"https:\/\/informativoelvalledeaguascalientes.online\/index.php?rest_route=%2Fwp%2Fv2%2Fmedia&parent=7815"}],"wp:term":[{"taxonomy":"category","embeddable":true,"href":"https:\/\/informativoelvalledeaguascalientes.online\/index.php?rest_route=%2Fwp%2Fv2%2Fcategories&post=7815"},{"taxonomy":"post_tag","embeddable":true,"href":"https:\/\/informativoelvalledeaguascalientes.online\/index.php?rest_route=%2Fwp%2Fv2%2Ftags&post=7815"}],"curies":[{"name":"wp","href":"https:\/\/api.w.org\/{rel}","templated":true}]}}