{"id":78134,"date":"2025-10-19T21:48:51","date_gmt":"2025-10-20T03:48:51","guid":{"rendered":"https:\/\/informativoelvalledeaguascalientes.online\/?p=78134"},"modified":"2025-10-19T21:48:51","modified_gmt":"2025-10-20T03:48:51","slug":"inicia-una-nueva-era-para-el-pan","status":"publish","type":"post","link":"https:\/\/informativoelvalledeaguascalientes.online\/?p=78134","title":{"rendered":"INICIA UNA NUEVA ERA PARA EL PAN"},"content":{"rendered":"<p class=\"p1\">#informativoelvalledeaguascalientes<span class=\"Apple-converted-space\">\u00a0 <\/span>#novaradioaguascalientes #informativoelvalledeaguascalientesll #Aguascalientes<\/p>\n<p>&nbsp;<\/p>\n<p>&nbsp;<\/p>\n<p class=\"p1\"><b>INICIA UNA NUEVA ERA PARA EL PAN<\/b><\/p>\n<ul class=\"ul1\">\n<li class=\"li3\"><b>Jorge Romero anuncia el relanzamiento del partido con una visi\u00f3n moderna, cercana y basada en los valores de Patria, Familia y Libertad.<\/b><\/li>\n<li class=\"li3\"><b>El PAN se abre a la ciudadan\u00eda, con elecciones primarias y procesos transparentes.<\/b><\/li>\n<li class=\"li3\"><b>\u201cVamos por los liderazgos que est\u00e1n en las calles, que conocen las causas y las demandas de la gente. Seremos un partido ciudadano, m\u00e1s cercano y juvenil.\u201d<\/b><\/li>\n<\/ul>\n<p>&nbsp;<\/p>\n<p class=\"p3\">El presidente nacional del Partido Acci\u00f3n Nacional, Jorge Romero Herrera, encabez\u00f3 el relanzamiento del PAN en un acto hist\u00f3rico que marc\u00f3 \u201cel inicio de una nueva era azul: un PAN m\u00e1s abierto, moderno y ciudadano.\u201d<\/p>\n<p class=\"p3\">Durante el evento celebrado en el Front\u00f3n M\u00e9xico \u2014precedido por una marcha del Monumento a la Revoluci\u00f3n al \u00c1ngel de la Independencia\u2014, Romero anunci\u00f3 que el PAN ser\u00e1 \u201cel partido m\u00e1s abierto de M\u00e9xico\u201d, con elecciones primarias, encuestas y voto de la militancia, dejando atr\u00e1s las decisiones cupulares.<\/p>\n<p class=\"p3\">\u201cLa alianza que m\u00e1s definir\u00e1 nuestro destino es la que tendremos con los liderazgos ciudadanos\u2026 Queremos que Acci\u00f3n Nacional sea un veh\u00edculo ciudadano que les permita a todos los mexicanos decidir qui\u00e9nes son los mejores candidatos.\u201d<\/p>\n<p class=\"p3\">Romero convoc\u00f3 a la ciudadan\u00eda a sumarse:<\/p>\n<p class=\"p3\">\u201cVente de candidato, de candidata\u2026 Reg\u00edstrate desde ya y, por mi honor, que si calificas m\u00e1s alto, ser\u00e1s el candidato o candidata del PAN.\u201d<\/p>\n<p class=\"p3\">Subray\u00f3 que en esta nueva etapa no habr\u00e1 designaciones entre cuates, sino apertura total a hombres y mujeres que representen las causas ciudadanas.<\/p>\n<p class=\"p3\">El relanzamiento se sustenta en tres ejes centrales:<\/p>\n<ul class=\"ul1\">\n<li class=\"li3\">Redefinir las causas, reviviendo el orgullo panista y la empat\u00eda con la gente.<\/li>\n<li class=\"li3\">Reformar los estatutos, para abrir el partido a una etapa de participaci\u00f3n, transparencia y democracia.<\/li>\n<li class=\"li3\">Actualizar la identidad visual, con un logo renovado que refleje modernidad, cercan\u00eda y orgullo por su historia.<\/li>\n<\/ul>\n<p>&nbsp;<\/p>\n<p class=\"p3\">Romero afirm\u00f3 que \u201cnuestra nueva etapa es azul\u201d y que el PAN volver\u00e1 a inspirar y defender con firmeza el rumbo del pa\u00eds:<\/p>\n<p class=\"p3\">\u201cEsta es la era en la que las y los panistas le apostamos todo al PAN, para que la gente vuelva a confiar en Acci\u00f3n Nacional.\u201d<\/p>\n<p class=\"p3\">Durante el acto, la secretaria de Acci\u00f3n Juvenil, Daniela Aguilar, present\u00f3 la nueva aplicaci\u00f3n digital del PAN, con la que cualquier persona podr\u00e1 afiliarse o registrarse como candidata \u201ccon un solo clic\u201d.<\/p>\n<p class=\"p3\">\u201cSe terminan las trabas para ingresar al PAN; ahora cualquier joven, cualquier persona, podr\u00e1 sumarse sin mayor complicaci\u00f3n.\u201d<\/p>\n<p class=\"p3\">El evento cont\u00f3 con la participaci\u00f3n de gobernadoras, legisladores, coordinadores, alcaldes, liderazgos nacionales y representantes de la sociedad civil, quienes coincidieron en que Acci\u00f3n Nacional vive una nueva era junto a la ciudadan\u00eda, en defensa de la Patria, la Libertad y las Familias mexicanas.<\/p>\n<p class=\"p3\">\u201cHoy el PAN renace. Esta es la nueva era azul: un PAN ciudadano, moderno y abierto a M\u00e9xico.\u201d<\/p>\n","protected":false},"excerpt":{"rendered":"<p>#informativoelvalledeaguascalientes\u00a0 #novaradioaguascalientes #informativoelvalledeaguascalientesll #Aguascalientes &nbsp; &nbsp; INICIA UNA NUEVA ERA PARA EL PAN Jorge Romero anuncia el relanzamiento del partido con una visi\u00f3n moderna, cercana y basada en los valores de Patria, Familia y Libertad. El PAN se abre a la ciudadan\u00eda, con elecciones primarias y procesos transparentes. \u201cVamos por los liderazgos que est\u00e1n en [&hellip;]<\/p>\n","protected":false},"author":1,"featured_media":78135,"comment_status":"closed","ping_status":"open","sticky":false,"template":"","format":"standard","meta":{"advanced_seo_description":"","jetpack_seo_html_title":"","jetpack_seo_noindex":false,"_jetpack_memberships_contains_paid_content":false,"footnotes":"","jetpack_publicize_message":"","jetpack_publicize_feature_enabled":true,"jetpack_social_post_already_shared":true,"jetpack_social_options":{"image_generator_settings":{"template":"highway","default_image_id":0,"font":"","enabled":false},"version":2}},"categories":[21,7],"tags":[22,23,43],"class_list":["post-78134","post","type-post","status-publish","format-standard","has-post-thumbnail","hentry","category-aguascalientes","category-pan-aguascalientes","tag-aguascalientes","tag-pan-aguascalientes","tag-pan-aguascalientes-cde"],"jetpack_publicize_connections":[],"jetpack_featured_media_url":"https:\/\/i0.wp.com\/informativoelvalledeaguascalientes.online\/wp-content\/uploads\/2025\/10\/cd970516-c85a-420e-baa6-0ca66460a50e.jpg?fit=1280%2C854&ssl=1","jetpack-related-posts":[],"jetpack_sharing_enabled":true,"jetpack_likes_enabled":true,"_links":{"self":[{"href":"https:\/\/informativoelvalledeaguascalientes.online\/index.php?rest_route=\/wp\/v2\/posts\/78134","targetHints":{"allow":["GET"]}}],"collection":[{"href":"https:\/\/informativoelvalledeaguascalientes.online\/index.php?rest_route=\/wp\/v2\/posts"}],"about":[{"href":"https:\/\/informativoelvalledeaguascalientes.online\/index.php?rest_route=\/wp\/v2\/types\/post"}],"author":[{"embeddable":true,"href":"https:\/\/informativoelvalledeaguascalientes.online\/index.php?rest_route=\/wp\/v2\/users\/1"}],"replies":[{"embeddable":true,"href":"https:\/\/informativoelvalledeaguascalientes.online\/index.php?rest_route=%2Fwp%2Fv2%2Fcomments&post=78134"}],"version-history":[{"count":1,"href":"https:\/\/informativoelvalledeaguascalientes.online\/index.php?rest_route=\/wp\/v2\/posts\/78134\/revisions"}],"predecessor-version":[{"id":78136,"href":"https:\/\/informativoelvalledeaguascalientes.online\/index.php?rest_route=\/wp\/v2\/posts\/78134\/revisions\/78136"}],"wp:featuredmedia":[{"embeddable":true,"href":"https:\/\/informativoelvalledeaguascalientes.online\/index.php?rest_route=\/wp\/v2\/media\/78135"}],"wp:attachment":[{"href":"https:\/\/informativoelvalledeaguascalientes.online\/index.php?rest_route=%2Fwp%2Fv2%2Fmedia&parent=78134"}],"wp:term":[{"taxonomy":"category","embeddable":true,"href":"https:\/\/informativoelvalledeaguascalientes.online\/index.php?rest_route=%2Fwp%2Fv2%2Fcategories&post=78134"},{"taxonomy":"post_tag","embeddable":true,"href":"https:\/\/informativoelvalledeaguascalientes.online\/index.php?rest_route=%2Fwp%2Fv2%2Ftags&post=78134"}],"curies":[{"name":"wp","href":"https:\/\/api.w.org\/{rel}","templated":true}]}}