{"id":78119,"date":"2025-10-19T21:25:31","date_gmt":"2025-10-20T03:25:31","guid":{"rendered":"https:\/\/informativoelvalledeaguascalientes.online\/?p=78119"},"modified":"2025-10-19T21:25:42","modified_gmt":"2025-10-20T03:25:42","slug":"con-trabajo-comunitario-personas-infractoras-contribuyen-a-la-mejora-de-espacios-publicos-de-jesus-maria-a-traves-del-programa-enchulame-la-cuadra","status":"publish","type":"post","link":"https:\/\/informativoelvalledeaguascalientes.online\/?p=78119","title":{"rendered":"CON TRABAJO COMUNITARIO, PERSONAS INFRACTORAS CONTRIBUYEN A LA MEJORA DE ESPACIOS P\u00daBLICOS DE JES\u00daS MAR\u00cdA A TRAV\u00c9S DEL PROGRAMA \u201cENCH\u00daLAME LA CUADRA\u201d"},"content":{"rendered":"<p class=\"p1\">#informativoelvalledeaguascalientes<span class=\"Apple-converted-space\">\u00a0 <\/span>#novaradioaguascalientes #informativoelvalledeaguascalientesll #Aguascalientes<\/p>\n<p>&nbsp;<\/p>\n<p>&nbsp;<\/p>\n<p>\u2022 Cada s\u00e1bado, entre seis y diez personas infractoras participan en las jornadas<br \/>\n\u2022 El trabajo comunitario promueve la conciencia social y la responsabilidad ciudadana.<\/p>\n<p>&nbsp;<\/p>\n<p>El Gobierno Municipal de Jes\u00fas Mar\u00eda contin\u00faa fortaleciendo el programa \u201cEnch\u00falame la Cuadra\u201d, que cada s\u00e1bado re\u00fane a vecinos y servidores p\u00fablicos en acciones de mejora urbana, limpieza y recuperaci\u00f3n de espacios p\u00fablicos.<\/p>\n<p>Como parte del modelo de Justicia C\u00edvica, las personas infractoras que han cometido faltas administrativas tambi\u00e9n se suman y realizan trabajos comunitarios como pintura, limpieza, reforestaci\u00f3n y desmalezado de espacios p\u00fablicos, lo que les permite cumplir sus sanciones de manera constructiva, fomentando al mismo tiempo la conciencia social y la responsabilidad ciudadana.<\/p>\n<p>Cada semana, entre seis y diez personas infractoras se suman al trabajo para mejorar el entorno y fortalecer el tejido social en un esfuerzo conjunto con autoridades municipales y habitantes de las distintas comunidades. \u201cEnch\u00falame la Cuadra\u201d ha intervenido espacios p\u00fablicos en todas las delegaciones, y continuar\u00e1 recorriendo el municipio hasta llegar a cada rinc\u00f3n de Jes\u00fas Mar\u00eda.<\/p>\n<p>Este s\u00e1bado, las labores se llevaron a cabo en la comunidad de El Chave\u00f1o, donde adem\u00e1s de los trabajos de limpieza, bacheo y embellecimiento, se instal\u00f3 una c\u00e1mara de videovigilancia, resultado de la buena organizaci\u00f3n y participaci\u00f3n del Comit\u00e9 de Vecinos Vigilantes.<\/p>\n","protected":false},"excerpt":{"rendered":"<p>#informativoelvalledeaguascalientes\u00a0 #novaradioaguascalientes #informativoelvalledeaguascalientesll #Aguascalientes &nbsp; &nbsp; \u2022 Cada s\u00e1bado, entre seis y diez personas infractoras participan en las jornadas \u2022 El trabajo comunitario promueve la conciencia social y la responsabilidad ciudadana. &nbsp; El Gobierno Municipal de Jes\u00fas Mar\u00eda contin\u00faa fortaleciendo el programa \u201cEnch\u00falame la Cuadra\u201d, que cada s\u00e1bado re\u00fane a vecinos y servidores p\u00fablicos en [&hellip;]<\/p>\n","protected":false},"author":1,"featured_media":78120,"comment_status":"closed","ping_status":"open","sticky":false,"template":"","format":"standard","meta":{"advanced_seo_description":"","jetpack_seo_html_title":"","jetpack_seo_noindex":false,"_jetpack_memberships_contains_paid_content":false,"footnotes":"","jetpack_publicize_message":"","jetpack_publicize_feature_enabled":true,"jetpack_social_post_already_shared":true,"jetpack_social_options":{"image_generator_settings":{"template":"highway","default_image_id":0,"font":"","enabled":false},"version":2}},"categories":[21,14],"tags":[22,45],"class_list":["post-78119","post","type-post","status-publish","format-standard","has-post-thumbnail","hentry","category-aguascalientes","category-jesus-maria-aguascalientes","tag-aguascalientes","tag-jesus-maria-aguascalientes"],"jetpack_publicize_connections":[],"jetpack_featured_media_url":"https:\/\/i0.wp.com\/informativoelvalledeaguascalientes.online\/wp-content\/uploads\/2025\/10\/df2fb248-59a3-4b24-a5ef-51caa821d7b9.jpg?fit=1600%2C1067&ssl=1","jetpack-related-posts":[],"jetpack_sharing_enabled":true,"jetpack_likes_enabled":true,"_links":{"self":[{"href":"https:\/\/informativoelvalledeaguascalientes.online\/index.php?rest_route=\/wp\/v2\/posts\/78119","targetHints":{"allow":["GET"]}}],"collection":[{"href":"https:\/\/informativoelvalledeaguascalientes.online\/index.php?rest_route=\/wp\/v2\/posts"}],"about":[{"href":"https:\/\/informativoelvalledeaguascalientes.online\/index.php?rest_route=\/wp\/v2\/types\/post"}],"author":[{"embeddable":true,"href":"https:\/\/informativoelvalledeaguascalientes.online\/index.php?rest_route=\/wp\/v2\/users\/1"}],"replies":[{"embeddable":true,"href":"https:\/\/informativoelvalledeaguascalientes.online\/index.php?rest_route=%2Fwp%2Fv2%2Fcomments&post=78119"}],"version-history":[{"count":2,"href":"https:\/\/informativoelvalledeaguascalientes.online\/index.php?rest_route=\/wp\/v2\/posts\/78119\/revisions"}],"predecessor-version":[{"id":78122,"href":"https:\/\/informativoelvalledeaguascalientes.online\/index.php?rest_route=\/wp\/v2\/posts\/78119\/revisions\/78122"}],"wp:featuredmedia":[{"embeddable":true,"href":"https:\/\/informativoelvalledeaguascalientes.online\/index.php?rest_route=\/wp\/v2\/media\/78120"}],"wp:attachment":[{"href":"https:\/\/informativoelvalledeaguascalientes.online\/index.php?rest_route=%2Fwp%2Fv2%2Fmedia&parent=78119"}],"wp:term":[{"taxonomy":"category","embeddable":true,"href":"https:\/\/informativoelvalledeaguascalientes.online\/index.php?rest_route=%2Fwp%2Fv2%2Fcategories&post=78119"},{"taxonomy":"post_tag","embeddable":true,"href":"https:\/\/informativoelvalledeaguascalientes.online\/index.php?rest_route=%2Fwp%2Fv2%2Ftags&post=78119"}],"curies":[{"name":"wp","href":"https:\/\/api.w.org\/{rel}","templated":true}]}}