{"id":78038,"date":"2025-10-19T17:15:25","date_gmt":"2025-10-19T23:15:25","guid":{"rendered":"https:\/\/informativoelvalledeaguascalientes.online\/?p=78038"},"modified":"2025-10-19T17:15:25","modified_gmt":"2025-10-19T23:15:25","slug":"el-programa-aguascalientes-si-saaabe-obtuvo-reconocimiento-nacional-por-rescatar-la-gastronomia-del-estado","status":"publish","type":"post","link":"https:\/\/informativoelvalledeaguascalientes.online\/?p=78038","title":{"rendered":"EL PROGRAMA \u201cAGUASCALIENTES S\u00cd SAAABE\u201d OBTUVO RECONOCIMIENTO NACIONAL POR RESCATAR LA GASTRONOM\u00cdA DEL ESTADO"},"content":{"rendered":"<p class=\"p1\">#informativoelvalledeaguascalientes<span class=\"Apple-converted-space\">\u00a0 <\/span>#novaradioaguascalientes #informativoelvalledeaguascalientesll #Aguascalientes<\/p>\n<p>&nbsp;<\/p>\n<p>&nbsp;<\/p>\n<p>* La Secretar\u00eda de Cultura del Gobierno federal lo distingui\u00f3 como una de las mejores pr\u00e1cticas en gesti\u00f3n cultural y art\u00edstica del pa\u00eds<br \/>\n* Se integrar\u00e1 al Banco de Buenas Pr\u00e1cticas de Gesti\u00f3n Cultural y Art\u00edstica de M\u00e9xico y recibir\u00e1 acompa\u00f1amiento para fortalecer su desarrollo e impacto<\/p>\n<p>&nbsp;<\/p>\n<p>El Programa \u201cAguascalientes S\u00ed Saaabe\u201d, que impulsa el Gobierno del Estado a trav\u00e9s del Instituto Cultural de Aguascalientes (ICA), fue reconocido por la Secretar\u00eda de Cultura del Gobierno federal como una de las mejores pr\u00e1cticas en gesti\u00f3n cultural y art\u00edstica del pa\u00eds.<\/p>\n<p>Gracias a su labor en el rescate, la preservaci\u00f3n y promoci\u00f3n de la riqueza gastron\u00f3mica patrimonial de Aguascalientes, este programa se integrar\u00e1 al Banco de Buenas Pr\u00e1cticas de Gesti\u00f3n Cultural y Art\u00edstica de M\u00e9xico, con lo que recibir\u00e1 acompa\u00f1amiento para fortalecer su desarrollo e impacto, as\u00ed como para abrir colaboraciones con bancos internacionales de proyectos culturales.<\/p>\n<p>\u201cEste reconocimiento representa cuatro a\u00f1os de trabajo constante por visibilizar nuestra cocina patrimonial. Su valor es parte esencial de nuestra identidad y esta distinci\u00f3n hoy nos impulsa a proyectarla a nivel internacional\u201d, afirm\u00f3 Mayt\u00e9 Esparza, coordinadora del Programa \u201cAguascalientes S\u00ed Saaabe\u201d.<\/p>\n<p>Detall\u00f3 que este reconocimiento se obtuvo luego de participar en la convocatoria nacional \u201cCultiva M\u00e9xico. Banco de Buenas Pr\u00e1cticas en Gesti\u00f3n Cultural y Art\u00edstica\u201d, que impulsa iniciativas colectivas que transforman comunidades a trav\u00e9s de la cultura, y que se distinguen por su innovaci\u00f3n, impacto social, sostenibilidad, inclusi\u00f3n y respeto a los derechos humanos.<\/p>\n<p>Aguascalientes, junto con los proyectos de otros estados que fueron seleccionados, compartir\u00e1n sus experiencias y casos de \u00e9xito en una ceremonia nacional de premiaci\u00f3n que se realizar\u00e1 en los pr\u00f3ximos d\u00edas.<\/p>\n","protected":false},"excerpt":{"rendered":"<p>#informativoelvalledeaguascalientes\u00a0 #novaradioaguascalientes #informativoelvalledeaguascalientesll #Aguascalientes &nbsp; &nbsp; * La Secretar\u00eda de Cultura del Gobierno federal lo distingui\u00f3 como una de las mejores pr\u00e1cticas en gesti\u00f3n cultural y art\u00edstica del pa\u00eds * Se integrar\u00e1 al Banco de Buenas Pr\u00e1cticas de Gesti\u00f3n Cultural y Art\u00edstica de M\u00e9xico y recibir\u00e1 acompa\u00f1amiento para fortalecer su desarrollo e impacto &nbsp; El [&hellip;]<\/p>\n","protected":false},"author":1,"featured_media":78039,"comment_status":"closed","ping_status":"open","sticky":false,"template":"","format":"standard","meta":{"advanced_seo_description":"","jetpack_seo_html_title":"","jetpack_seo_noindex":false,"_jetpack_memberships_contains_paid_content":false,"footnotes":"","jetpack_publicize_message":"","jetpack_publicize_feature_enabled":true,"jetpack_social_post_already_shared":true,"jetpack_social_options":{"image_generator_settings":{"template":"highway","default_image_id":0,"font":"","enabled":false},"version":2}},"categories":[21,4],"tags":[22,615,52],"class_list":["post-78038","post","type-post","status-publish","format-standard","has-post-thumbnail","hentry","category-aguascalientes","category-gobierno-del-estado-aguascalientes","tag-aguascalientes","tag-gobierno-del-estado-de-aguascalientes","tag-ica"],"jetpack_publicize_connections":[],"jetpack_featured_media_url":"https:\/\/i0.wp.com\/informativoelvalledeaguascalientes.online\/wp-content\/uploads\/2025\/10\/669b6e90-4762-439b-9297-5d4fb66e8c22.jpg?fit=1600%2C1103&ssl=1","jetpack-related-posts":[],"jetpack_sharing_enabled":true,"jetpack_likes_enabled":true,"_links":{"self":[{"href":"https:\/\/informativoelvalledeaguascalientes.online\/index.php?rest_route=\/wp\/v2\/posts\/78038","targetHints":{"allow":["GET"]}}],"collection":[{"href":"https:\/\/informativoelvalledeaguascalientes.online\/index.php?rest_route=\/wp\/v2\/posts"}],"about":[{"href":"https:\/\/informativoelvalledeaguascalientes.online\/index.php?rest_route=\/wp\/v2\/types\/post"}],"author":[{"embeddable":true,"href":"https:\/\/informativoelvalledeaguascalientes.online\/index.php?rest_route=\/wp\/v2\/users\/1"}],"replies":[{"embeddable":true,"href":"https:\/\/informativoelvalledeaguascalientes.online\/index.php?rest_route=%2Fwp%2Fv2%2Fcomments&post=78038"}],"version-history":[{"count":1,"href":"https:\/\/informativoelvalledeaguascalientes.online\/index.php?rest_route=\/wp\/v2\/posts\/78038\/revisions"}],"predecessor-version":[{"id":78040,"href":"https:\/\/informativoelvalledeaguascalientes.online\/index.php?rest_route=\/wp\/v2\/posts\/78038\/revisions\/78040"}],"wp:featuredmedia":[{"embeddable":true,"href":"https:\/\/informativoelvalledeaguascalientes.online\/index.php?rest_route=\/wp\/v2\/media\/78039"}],"wp:attachment":[{"href":"https:\/\/informativoelvalledeaguascalientes.online\/index.php?rest_route=%2Fwp%2Fv2%2Fmedia&parent=78038"}],"wp:term":[{"taxonomy":"category","embeddable":true,"href":"https:\/\/informativoelvalledeaguascalientes.online\/index.php?rest_route=%2Fwp%2Fv2%2Fcategories&post=78038"},{"taxonomy":"post_tag","embeddable":true,"href":"https:\/\/informativoelvalledeaguascalientes.online\/index.php?rest_route=%2Fwp%2Fv2%2Ftags&post=78038"}],"curies":[{"name":"wp","href":"https:\/\/api.w.org\/{rel}","templated":true}]}}