{"id":78031,"date":"2025-10-18T16:52:38","date_gmt":"2025-10-18T22:52:38","guid":{"rendered":"https:\/\/informativoelvalledeaguascalientes.online\/?p=78031"},"modified":"2025-10-18T16:52:38","modified_gmt":"2025-10-18T22:52:38","slug":"tere-jimenez-inaugura-el-lxxxi-congreso-y-campeonato-nacional-charro-en-aguascalientes-reune-a-lo-mejor-de-la-charreria-nacional-y-de-estados-unidos","status":"publish","type":"post","link":"https:\/\/informativoelvalledeaguascalientes.online\/?p=78031","title":{"rendered":"TERE JIM\u00c9NEZ INAUGURA EL LXXXI CONGRESO Y CAMPEONATO NACIONAL CHARRO EN AGUASCALIENTES; RE\u00daNE A LO MEJOR DE LA CHARRER\u00cdA NACIONAL Y DE ESTADOS UNIDOS"},"content":{"rendered":"<p class=\"p1\">#informativoelvalledeaguascalientes<span class=\"Apple-converted-space\">\u00a0 <\/span>#novaradioaguascalientes #informativoelvalledeaguascalientesll #Aguascalientes<\/p>\n<p>&nbsp;<\/p>\n<p>&nbsp;<\/p>\n<p>* El Congreso y Campeonato se realizar\u00e1 en la Arena San Marcos del 17 de octubre al 9 de noviembre<br \/>\n* Las competencias iniciar\u00e1n este s\u00e1bado 18 de octubre en la Arena San Marcos, con 171 equipos, 121 escaramuzas y los 15 mejores charros completos<\/p>\n<p>&nbsp;<\/p>\n<p>&nbsp;<\/p>\n<p>Con un llamado a mantener vivas las tradiciones que dan identidad y orgullo a M\u00e9xico, la gobernadora de Aguascalientes, Tere Jim\u00e9nez, inaugur\u00f3 oficialmente el LXXXI Congreso y Campeonato Nacional Charro \u201cPascual Ortiz Rubio-Vive Libre\u201d, que reunir\u00e1 a lo m\u00e1s destacado de la charrer\u00eda nacional y de Estados Unidos del 17 de octubre al 9 de noviembre en la entidad.<\/p>\n<p>Durante la ceremonia, la gobernadora record\u00f3 que desde 2016 la charrer\u00eda es Patrimonio Cultural Inmaterial de la Humanidad, un reconocimiento que se gan\u00f3 con la pasi\u00f3n de generaciones de charros y escaramuzas que, con orgullo y disciplina, han mantenido viva esta tradici\u00f3n.<\/p>\n<p>\u201cSer mexicano significa vivir libre: amar la tierra, proteger a la familia y montar a caballo con orgullo. Ser charro o formar parte de una escaramuza es honrar nuestras ra\u00edces y trabajar por un pa\u00eds unido y en paz. En Aguascalientes defendemos nuestras tradiciones, porque resguardan siglos de identidad, familia y uni\u00f3n. En el ruedo, en el lienzo o en el palenque late una parte valiosa de lo que somos como aguascalentenses. Este Congreso y Campeonato Nacional Charro demuestra que el talento une fronteras, que la destreza y la valent\u00eda del deporte m\u00e1s mexicano se enlazan con la dignidad de nuestras ra\u00edces. Ser charro es vocaci\u00f3n, herencia y una forma de vida que honra la fuerza con elegancia. Celebremos a M\u00e9xico y a sus tradiciones, y que cada mujer, ni\u00f1o y joven que ama la charrer\u00eda siga portando con orgullo la grandeza de este pa\u00eds. \u00a1Bienvenidos a Aguascalientes, que viva M\u00e9xico y que viva la charrer\u00eda!\u201d, expres\u00f3 la gobernadora.<\/p>\n<p>Por su parte, Salvador Barajas del Toro, presidente de la Federaci\u00f3n Mexicana de Charrer\u00eda A.C., agradeci\u00f3 el respaldo de la gobernadora Tere Jim\u00e9nez para la organizaci\u00f3n del evento, as\u00ed como su compromiso con el impulso al deporte nacional por excelencia.<\/p>\n<p>\u201cEs un honor celebrar este campeonato en Aguascalientes, un estado que abraza nuestras tradiciones. Llevamos el nombre de Pascual Ortiz Rubio como homenaje al expresidente que reconoci\u00f3 oficialmente el D\u00eda del Charro. Este evento recuerda a las nuevas generaciones, la historia y la grandeza de la charrer\u00eda\u201d, destac\u00f3.<\/p>\n<p>En su intervenci\u00f3n, Ver\u00f3nica Gonz\u00e1lez L\u00f3pez, directora del Bur\u00f3 de Congresos y Visitantes de Aguascalientes, resalt\u00f3 la importancia de este evento para el turismo y la promoci\u00f3n cultural del estado.<\/p>\n<p>\u201cLa charrer\u00eda no es solo un deporte, es una herencia viva, s\u00edmbolo de valor, respeto, disciplina y amor por la tierra. Cada faena refleja siglos de historia, forjada en el esfuerzo del hombre y la nobleza del caballo. Donde hay un charro o una escaramuza, hay un pedazo aut\u00e9ntico de M\u00e9xico que no se rinde y que honra sus ra\u00edces. Aguascalientes, el Gigante de M\u00e9xico, los recibe con los brazos abiertos\u201d, expres\u00f3.<\/p>\n<p>La inauguraci\u00f3n de las actividades deportivas se llevar\u00e1 a cabo este s\u00e1bado 18 de octubre a las 11:00 horas en la Arena San Marcos, donde a lo largo de la competencia se contar\u00e1 con la participaci\u00f3n de 171 equipos de M\u00e9xico y Estados Unidos, adem\u00e1s de 121 escaramuzas y los 15 mejores charros completos del pa\u00eds.<\/p>\n<p>En el evento que se realiz\u00f3 en el Teatro Morelos tambi\u00e9n estuvieron presentes Ana Cristina Ortega y Valentina Barajas Ortega, esposa e hija de Salvador Barajas del Toro, presidente de la Federaci\u00f3n Mexicana de Charrer\u00eda A.C., y Gustavo Jim\u00e9nez Castillo, presidente de la Uni\u00f3n de Asociaciones Charras del Estado de Aguascalientes.<\/p>\n","protected":false},"excerpt":{"rendered":"<p>#informativoelvalledeaguascalientes\u00a0 #novaradioaguascalientes #informativoelvalledeaguascalientesll #Aguascalientes &nbsp; &nbsp; * El Congreso y Campeonato se realizar\u00e1 en la Arena San Marcos del 17 de octubre al 9 de noviembre * Las competencias iniciar\u00e1n este s\u00e1bado 18 de octubre en la Arena San Marcos, con 171 equipos, 121 escaramuzas y los 15 mejores charros completos &nbsp; &nbsp; Con un [&hellip;]<\/p>\n","protected":false},"author":1,"featured_media":78032,"comment_status":"closed","ping_status":"open","sticky":false,"template":"","format":"standard","meta":{"advanced_seo_description":"","jetpack_seo_html_title":"","jetpack_seo_noindex":false,"_jetpack_memberships_contains_paid_content":false,"footnotes":"","jetpack_publicize_message":"","jetpack_publicize_feature_enabled":true,"jetpack_social_post_already_shared":true,"jetpack_social_options":{"image_generator_settings":{"template":"highway","default_image_id":0,"font":"","enabled":false},"version":2}},"categories":[21,4],"tags":[22,615,320],"class_list":["post-78031","post","type-post","status-publish","format-standard","has-post-thumbnail","hentry","category-aguascalientes","category-gobierno-del-estado-aguascalientes","tag-aguascalientes","tag-gobierno-del-estado-de-aguascalientes","tag-tere-jimenez"],"jetpack_publicize_connections":[],"jetpack_featured_media_url":"https:\/\/i0.wp.com\/informativoelvalledeaguascalientes.online\/wp-content\/uploads\/2025\/10\/nacional-charro.jpg?fit=1600%2C1066&ssl=1","jetpack-related-posts":[],"jetpack_sharing_enabled":true,"jetpack_likes_enabled":true,"_links":{"self":[{"href":"https:\/\/informativoelvalledeaguascalientes.online\/index.php?rest_route=\/wp\/v2\/posts\/78031","targetHints":{"allow":["GET"]}}],"collection":[{"href":"https:\/\/informativoelvalledeaguascalientes.online\/index.php?rest_route=\/wp\/v2\/posts"}],"about":[{"href":"https:\/\/informativoelvalledeaguascalientes.online\/index.php?rest_route=\/wp\/v2\/types\/post"}],"author":[{"embeddable":true,"href":"https:\/\/informativoelvalledeaguascalientes.online\/index.php?rest_route=\/wp\/v2\/users\/1"}],"replies":[{"embeddable":true,"href":"https:\/\/informativoelvalledeaguascalientes.online\/index.php?rest_route=%2Fwp%2Fv2%2Fcomments&post=78031"}],"version-history":[{"count":1,"href":"https:\/\/informativoelvalledeaguascalientes.online\/index.php?rest_route=\/wp\/v2\/posts\/78031\/revisions"}],"predecessor-version":[{"id":78033,"href":"https:\/\/informativoelvalledeaguascalientes.online\/index.php?rest_route=\/wp\/v2\/posts\/78031\/revisions\/78033"}],"wp:featuredmedia":[{"embeddable":true,"href":"https:\/\/informativoelvalledeaguascalientes.online\/index.php?rest_route=\/wp\/v2\/media\/78032"}],"wp:attachment":[{"href":"https:\/\/informativoelvalledeaguascalientes.online\/index.php?rest_route=%2Fwp%2Fv2%2Fmedia&parent=78031"}],"wp:term":[{"taxonomy":"category","embeddable":true,"href":"https:\/\/informativoelvalledeaguascalientes.online\/index.php?rest_route=%2Fwp%2Fv2%2Fcategories&post=78031"},{"taxonomy":"post_tag","embeddable":true,"href":"https:\/\/informativoelvalledeaguascalientes.online\/index.php?rest_route=%2Fwp%2Fv2%2Ftags&post=78031"}],"curies":[{"name":"wp","href":"https:\/\/api.w.org\/{rel}","templated":true}]}}