{"id":77776,"date":"2025-10-13T19:31:04","date_gmt":"2025-10-14T01:31:04","guid":{"rendered":"https:\/\/informativoelvalledeaguascalientes.online\/?p=77776"},"modified":"2025-10-13T19:31:04","modified_gmt":"2025-10-14T01:31:04","slug":"estudia-y-trabaja-al-mismo-tiempo-la-universidad-politecnica-de-aguascalientes-abrira-inscripciones-a-carreras-con-horarios-flexibles","status":"publish","type":"post","link":"https:\/\/informativoelvalledeaguascalientes.online\/?p=77776","title":{"rendered":"ESTUDIA Y TRABAJA AL MISMO TIEMPO; LA UNIVERSIDAD POLIT\u00c9CNICA DE AGUASCALIENTES ABRIR\u00c1 INSCRIPCIONES A CARRERAS CON HORARIOS FLEXIBLES"},"content":{"rendered":"<p class=\"p1\">#informativoelvalledeaguascalientes<span class=\"Apple-converted-space\">\u00a0 <\/span>#novaradioaguascalientes #informativoelvalledeaguascalientesll #Aguascalientes<\/p>\n<p>&nbsp;<\/p>\n<p>* Este programa responde a las necesidades de quienes desean superarse profesionalmente sin dejar de trabajar<br \/>\n* Las y los interesados podr\u00e1n registrarse del 15 de octubre al 5 de diciembre del presente a\u00f1o, en la p\u00e1gina web: www.upa.edu.mx<br \/>\n* Las clases son de lunes a jueves en un horario de 18:00 a 21:00 horas, y comenzar\u00e1n el pr\u00f3ximo 6 de enero de 2026<\/p>\n<p>&nbsp;<\/p>\n<p>La Universidad Polit\u00e9cnica de Aguascalientes (UPA) anunci\u00f3 la convocatoria de admisi\u00f3n 2025 en modalidad laboral, dirigida a todas aquellas personas que trabajan y buscan continuar con su formaci\u00f3n acad\u00e9mica; las inscripciones estar\u00e1n abiertas del 15 de octubre al 5 de diciembre, a trav\u00e9s del sitio web oficial: www.upa.edu.mx.<\/p>\n<p>La oferta acad\u00e9mica incluye tres programas: Ingenier\u00eda Industrial; Ingenier\u00eda en Tecnolog\u00edas de la Informaci\u00f3n e Innovaci\u00f3n Digital; y la Licenciatura en Negocios y Mercadotecnia.<\/p>\n<p>Esta modalidad fue dise\u00f1ada para brindar mayor flexibilidad de horarios y accesibilidad econ\u00f3mica, a fin de que m\u00e1s personas puedan concluir una carrera universitaria sin interrumpir sus actividades laborales.<\/p>\n<p>Al respecto, el rector de la UPA, Otto Granados Franco, detall\u00f3 que las clases dar\u00e1n inicio el martes 6 de enero de 2026, en un horario de lunes a jueves de 18:00 a 21:00 horas, dise\u00f1ado especialmente para facilitar la asistencia de las personas al t\u00e9rmino de su jornada laboral.<\/p>\n<p>\u201cEsta modalidad responde a las necesidades de quienes desean superarse profesionalmente sin dejar de trabajar, al ofrecer una propuesta acad\u00e9mica s\u00f3lida, flexible y alineada con las demandas del sector productivo. La UPA se distingue por su calidad educativa y hoy en d\u00eda es un referente entre las mejores universidades p\u00fablicas del estado\u201d, subray\u00f3 el rector.<\/p>\n<p>Finalmente, indic\u00f3 que quienes se inscriban durante este periodo podr\u00e1n acceder a un beneficio especial de colegiatura de s\u00f3lo 670 pesos mensuales, adem\u00e1s de no presentar examen de admisi\u00f3n.<\/p>\n<p>Para mayores informes, las y los interesados pueden comunicarse al tel\u00e9fono 449 449 14 00, extensiones 1627 y 1413, o enviar un mensaje de WhatsApp al 449 386 34 89.<\/p>\n","protected":false},"excerpt":{"rendered":"<p>#informativoelvalledeaguascalientes\u00a0 #novaradioaguascalientes #informativoelvalledeaguascalientesll #Aguascalientes &nbsp; * Este programa responde a las necesidades de quienes desean superarse profesionalmente sin dejar de trabajar * Las y los interesados podr\u00e1n registrarse del 15 de octubre al 5 de diciembre del presente a\u00f1o, en la p\u00e1gina web: www.upa.edu.mx * Las clases son de lunes a jueves en un horario [&hellip;]<\/p>\n","protected":false},"author":1,"featured_media":77777,"comment_status":"closed","ping_status":"open","sticky":false,"template":"","format":"standard","meta":{"advanced_seo_description":"","jetpack_seo_html_title":"","jetpack_seo_noindex":false,"_jetpack_memberships_contains_paid_content":false,"footnotes":"","jetpack_publicize_message":"","jetpack_publicize_feature_enabled":true,"jetpack_social_post_already_shared":true,"jetpack_social_options":{"image_generator_settings":{"template":"highway","default_image_id":0,"font":"","enabled":false},"version":2}},"categories":[21,4],"tags":[22,615,472],"class_list":["post-77776","post","type-post","status-publish","format-standard","has-post-thumbnail","hentry","category-aguascalientes","category-gobierno-del-estado-aguascalientes","tag-aguascalientes","tag-gobierno-del-estado-de-aguascalientes","tag-upa"],"jetpack_publicize_connections":[],"jetpack_featured_media_url":"https:\/\/i0.wp.com\/informativoelvalledeaguascalientes.online\/wp-content\/uploads\/2025\/10\/c62711dd-2d71-46e9-b47e-60d1d46ba46d.jpg?fit=1280%2C1600&ssl=1","jetpack-related-posts":[],"jetpack_sharing_enabled":true,"jetpack_likes_enabled":true,"_links":{"self":[{"href":"https:\/\/informativoelvalledeaguascalientes.online\/index.php?rest_route=\/wp\/v2\/posts\/77776","targetHints":{"allow":["GET"]}}],"collection":[{"href":"https:\/\/informativoelvalledeaguascalientes.online\/index.php?rest_route=\/wp\/v2\/posts"}],"about":[{"href":"https:\/\/informativoelvalledeaguascalientes.online\/index.php?rest_route=\/wp\/v2\/types\/post"}],"author":[{"embeddable":true,"href":"https:\/\/informativoelvalledeaguascalientes.online\/index.php?rest_route=\/wp\/v2\/users\/1"}],"replies":[{"embeddable":true,"href":"https:\/\/informativoelvalledeaguascalientes.online\/index.php?rest_route=%2Fwp%2Fv2%2Fcomments&post=77776"}],"version-history":[{"count":1,"href":"https:\/\/informativoelvalledeaguascalientes.online\/index.php?rest_route=\/wp\/v2\/posts\/77776\/revisions"}],"predecessor-version":[{"id":77778,"href":"https:\/\/informativoelvalledeaguascalientes.online\/index.php?rest_route=\/wp\/v2\/posts\/77776\/revisions\/77778"}],"wp:featuredmedia":[{"embeddable":true,"href":"https:\/\/informativoelvalledeaguascalientes.online\/index.php?rest_route=\/wp\/v2\/media\/77777"}],"wp:attachment":[{"href":"https:\/\/informativoelvalledeaguascalientes.online\/index.php?rest_route=%2Fwp%2Fv2%2Fmedia&parent=77776"}],"wp:term":[{"taxonomy":"category","embeddable":true,"href":"https:\/\/informativoelvalledeaguascalientes.online\/index.php?rest_route=%2Fwp%2Fv2%2Fcategories&post=77776"},{"taxonomy":"post_tag","embeddable":true,"href":"https:\/\/informativoelvalledeaguascalientes.online\/index.php?rest_route=%2Fwp%2Fv2%2Ftags&post=77776"}],"curies":[{"name":"wp","href":"https:\/\/api.w.org\/{rel}","templated":true}]}}